{"id":12447,"date":"2021-10-23T18:02:02","date_gmt":"2021-10-23T21:02:02","guid":{"rendered":"https:\/\/chacosintesis.com.ar\/?p=12447"},"modified":"2021-10-23T18:08:48","modified_gmt":"2021-10-23T21:08:48","slug":"mariela-quiros-vamos-a-reivindicar-el-rol-de-las-mujeres-en-la-economia-chaquena","status":"publish","type":"post","link":"https:\/\/chacosintesis.com.ar\/index.php\/mariela-quiros-vamos-a-reivindicar-el-rol-de-las-mujeres-en-la-economia-chaquena\/","title":{"rendered":"Mariela Quir\u00f3s: \u201cVamos a reivindicar el rol de las mujeres en la econom\u00eda chaque\u00f1a\u201d"},"content":{"rendered":"<div dir=\"ltr\">La candidata a diputada provincial del Frente de Todos particip\u00f3 de una reuni\u00f3n con mujeres emprendedoras y \u00a0rurales, donde escuch\u00f3 sus propuestas y necesidades. \u201cVine a reiterar mi compromiso con estas trabajadoras, con la posibilidad de contribuir a la promoci\u00f3n del desarrollo agr\u00edcola\u201d, se\u00f1al\u00f3 Quir\u00f3s, quien adem\u00e1s puso en valor el trabajo que realizan. <br \/>La candidata a diputada provincial por el Frente de Todos, Mariela Quir\u00f3s, particip\u00f3 del Encuentro de Mujeres Emprendedoras que se realiz\u00f3 este viernes en la Granja Educativa \u201cLa Josefina\u201d. El D\u00eda Internacional de las Mujeres Rurales \u2013que se conmemor\u00f3 el pasado 15 de octubre\u2014 fue el marco ideal para una jornada de di\u00e1logo e intercambio de experiencias con emprendedores y emprendedoras locales, quienes expusieron sus inquietudes y propuestas para ser planteadas en la C\u00e1mara de Diputados.<\/p>\n<p>\u201cVine a reiterar mi compromiso con estas trabajadoras, con la posibilidad de contribuir a la promoci\u00f3n del desarrollo agr\u00edcola\u201d, se\u00f1al\u00f3 Quir\u00f3s, quien adem\u00e1s puso en valor el trabajo que realizan \u201clas mujeres de nuestra provincia como actoras fundamentales en la cadena productiva\u201d. \u201cVamos a reivindicar el rol de las mujeres en la econom\u00eda chaque\u00f1a\u201d, asegur\u00f3.<\/p>\n<p>El D\u00eda Internacional de la Mujeres Rurales fue establecido por la Asamblea General de la ONU con el objeto de reconocer el trabajo de la mujer en ese \u00e1mbito, adem\u00e1s de su contribuci\u00f3n en el desarrollo rural y agr\u00edcola, la erradicaci\u00f3n de la pobreza y la mejora en la seguridad alimentaria.<\/p>\n<p>&quot;El rol de las mujeres rurales es muy significativo&quot;, expres\u00f3 Quir\u00f3s, quien destac\u00f3 el rol de la Granja Josefina que ense\u00f1a y comparte la actividad rural, que expresa el trabajo en el campo y a su vez el respeto y cuidado de la naturaleza.<\/p>\n<p>Esta acci\u00f3n responde a los Objetivos de Desarrollo Sostenible-Agenda 2030, aportando al cumplimiento de sus objetivos Igualdad de G\u00e9nero, Trabajo Decente y Crecimiento Econ\u00f3mico, Reducci\u00f3n de las Desigualdad y Producci\u00f3n y Consumo Responsable.<br class=\"gmail-Apple-interchange-newline\"><\/div>\n","protected":false},"excerpt":{"rendered":"<p>La candidata a diputada provincial del Frente de Todos particip\u00f3 de una reuni\u00f3n con mujeres emprendedoras y \u00a0rurales, donde escuch\u00f3 sus propuestas y necesidades. \u201cVine a reiterar mi compromiso con estas trabajadoras, con la posibilidad de contribuir a la promoci\u00f3n del desarrollo agr\u00edcola\u201d, se\u00f1al\u00f3 Quir\u00f3s, quien adem\u00e1s puso en valor el trabajo que realizan. La [&hellip;]<\/p>\n","protected":false},"author":1,"featured_media":12448,"comment_status":"closed","ping_status":"closed","sticky":false,"template":"","format":"standard","meta":{"footnotes":""},"categories":[6],"tags":[],"class_list":{"0":"post-12447","1":"post","2":"type-post","3":"status-publish","4":"format-standard","5":"has-post-thumbnail","7":"category-chaco"},"_links":{"self":[{"href":"https:\/\/chacosintesis.com.ar\/index.php\/wp-json\/wp\/v2\/posts\/12447","targetHints":{"allow":["GET"]}}],"collection":[{"href":"https:\/\/chacosintesis.com.ar\/index.php\/wp-json\/wp\/v2\/posts"}],"about":[{"href":"https:\/\/chacosintesis.com.ar\/index.php\/wp-json\/wp\/v2\/types\/post"}],"author":[{"embeddable":true,"href":"https:\/\/chacosintesis.com.ar\/index.php\/wp-json\/wp\/v2\/users\/1"}],"replies":[{"embeddable":true,"href":"https:\/\/chacosintesis.com.ar\/index.php\/wp-json\/wp\/v2\/comments?post=12447"}],"version-history":[{"count":0,"href":"https:\/\/chacosintesis.com.ar\/index.php\/wp-json\/wp\/v2\/posts\/12447\/revisions"}],"wp:featuredmedia":[{"embeddable":true,"href":"https:\/\/chacosintesis.com.ar\/index.php\/wp-json\/wp\/v2\/media\/12448"}],"wp:attachment":[{"href":"https:\/\/chacosintesis.com.ar\/index.php\/wp-json\/wp\/v2\/media?parent=12447"}],"wp:term":[{"taxonomy":"category","embeddable":true,"href":"https:\/\/chacosintesis.com.ar\/index.php\/wp-json\/wp\/v2\/categories?post=12447"},{"taxonomy":"post_tag","embeddable":true,"href":"https:\/\/chacosintesis.com.ar\/index.php\/wp-json\/wp\/v2\/tags?post=12447"}],"curies":[{"name":"wp","href":"https:\/\/api.w.org\/{rel}","templated":true}]}}