{"id":12443,"date":"2021-10-23T10:43:08","date_gmt":"2021-10-23T13:43:08","guid":{"rendered":"https:\/\/chacosintesis.com.ar\/?p=12443"},"modified":"2021-10-23T11:07:25","modified_gmt":"2021-10-23T14:07:25","slug":"covid-19-chaco-reporto-otro-dia-sin-fallecidos-y-sumo-ocho-nuevos-positivos","status":"publish","type":"post","link":"https:\/\/chacosintesis.com.ar\/index.php\/covid-19-chaco-reporto-otro-dia-sin-fallecidos-y-sumo-ocho-nuevos-positivos\/","title":{"rendered":"COVID-19: Chaco report\u00f3 otro d\u00eda sin fallecidos y sum\u00f3 ocho nuevos positivos"},"content":{"rendered":"<div dir=\"ltr\">El Ministerio de Salud P\u00fablica de la provincia informa que, hasta este s\u00e1bado 23 de octubre de 2021, se registran 100.436 casos confirmados de Covid-19, de las cuales 98.074 personas ya recibieron el alta cl\u00ednica y 77 casos permanecen activos. <\/p>\n<p>Son 2.285 las personas fallecidas con el diagn\u00f3stico de esta enfermedad y en las \u00faltimas 24 horas no se reportaron decesos. <\/p>\n<p>La ocupaci\u00f3n de camas con Asistencia Respiratoria Mec\u00e1nica contin\u00faa siendo del 0% en los sectores p\u00fablico y privado de la provincia, mientras que las destinada a unidades de terapia intensiva tienen una cobertura del 0,9% en el subsector p\u00fablico, mientras que en el privado sigue siendo del 0%. <\/p>\n<p>Para reportar la aparici\u00f3n de s\u00edntomas como fiebre, junto con tos, dolor de garganta, p\u00e9rdida del gusto y del olfato, v\u00f3mitos, diarrea, dificultad para respirar, dolores musculares, rinitis o congesti\u00f3n nasal, que pueden ser se\u00f1al de coronavirus, deben llamar al 0800-444-0829. Adem\u00e1s, enviando @chaco salud al 362-4-300002 pueden comunicarse con un operador para informar la situaci\u00f3n y recibir recomendaciones. <\/p>\n<div><\/div>\n<div><\/div>\n<\/div>\n","protected":false},"excerpt":{"rendered":"<p>El Ministerio de Salud P\u00fablica de la provincia informa que, hasta este s\u00e1bado 23 de octubre de 2021, se registran 100.436 casos confirmados de Covid-19, de las cuales 98.074 personas ya recibieron el alta cl\u00ednica y 77 casos permanecen activos. Son 2.285 las personas fallecidas con el diagn\u00f3stico de esta enfermedad y en las \u00faltimas [&hellip;]<\/p>\n","protected":false},"author":1,"featured_media":12444,"comment_status":"closed","ping_status":"closed","sticky":false,"template":"","format":"standard","meta":{"footnotes":""},"categories":[6],"tags":[60],"class_list":{"0":"post-12443","1":"post","2":"type-post","3":"status-publish","4":"format-standard","5":"has-post-thumbnail","7":"category-chaco","8":"tag-featured"},"_links":{"self":[{"href":"https:\/\/chacosintesis.com.ar\/index.php\/wp-json\/wp\/v2\/posts\/12443","targetHints":{"allow":["GET"]}}],"collection":[{"href":"https:\/\/chacosintesis.com.ar\/index.php\/wp-json\/wp\/v2\/posts"}],"about":[{"href":"https:\/\/chacosintesis.com.ar\/index.php\/wp-json\/wp\/v2\/types\/post"}],"author":[{"embeddable":true,"href":"https:\/\/chacosintesis.com.ar\/index.php\/wp-json\/wp\/v2\/users\/1"}],"replies":[{"embeddable":true,"href":"https:\/\/chacosintesis.com.ar\/index.php\/wp-json\/wp\/v2\/comments?post=12443"}],"version-history":[{"count":0,"href":"https:\/\/chacosintesis.com.ar\/index.php\/wp-json\/wp\/v2\/posts\/12443\/revisions"}],"wp:featuredmedia":[{"embeddable":true,"href":"https:\/\/chacosintesis.com.ar\/index.php\/wp-json\/wp\/v2\/media\/12444"}],"wp:attachment":[{"href":"https:\/\/chacosintesis.com.ar\/index.php\/wp-json\/wp\/v2\/media?parent=12443"}],"wp:term":[{"taxonomy":"category","embeddable":true,"href":"https:\/\/chacosintesis.com.ar\/index.php\/wp-json\/wp\/v2\/categories?post=12443"},{"taxonomy":"post_tag","embeddable":true,"href":"https:\/\/chacosintesis.com.ar\/index.php\/wp-json\/wp\/v2\/tags?post=12443"}],"curies":[{"name":"wp","href":"https:\/\/api.w.org\/{rel}","templated":true}]}}