{"id":12440,"date":"2021-10-23T10:39:50","date_gmt":"2021-10-23T13:39:50","guid":{"rendered":"https:\/\/chacosintesis.com.ar\/?p=12440"},"modified":"2021-10-23T11:07:24","modified_gmt":"2021-10-23T14:07:24","slug":"la-lista-503-chaco-cambia-inauguro-local-de-campana-en-saenz-pena-salgamos-a-caminar-a-recorrer-los-barrios-arengaron","status":"publish","type":"post","link":"https:\/\/chacosintesis.com.ar\/index.php\/la-lista-503-chaco-cambia-inauguro-local-de-campana-en-saenz-pena-salgamos-a-caminar-a-recorrer-los-barrios-arengaron\/","title":{"rendered":"La Lista 503 &#8220;Chaco Cambia&#8221; inaugur\u00f3 local de campa\u00f1a en S\u00e1enz Pe\u00f1a: &#8220;Salgamos a caminar, a recorrer los barrios&#8221;, arengaron"},"content":{"rendered":"<div dir=\"ltr\">Dirigentes de la UCR inauguraron este viernes el nuevo local de campa\u00f1a de la Lista 503 &quot;Chaco Cambia&quot; en S\u00e1enz Pe\u00f1a. &quot;El desaf\u00edo es que no se nos caiga un solo elector y el 14 de noviembre, como tantas otras veces, el triunfo ser\u00e1 de Chaco Cambia con Silvina y Carim Peche&quot;, se\u00f1alaron.<\/p>\n<p>En este sentido, la candidata provincial Silvina Canteros manifest\u00f3: &quot;El balance de las PASO ha sido muy bueno porque hemos sido testigos y protagonistas de un partido y de un frente Juntos por el Cambio-Chaco Cambia movilizado a lo largo y a lo ancho de la provincia, y eso es una muy buena noticia y los resultados tambi\u00e9n porque entre todos hemos logrado vencer al oficialismo en la provincia del Chaco. Nos deja la vara alta y un enorme compromiso y responsabilidad a seguir trabajando por mucho m\u00e1s&quot;.<\/p>\n<p>Por su parte, el intendente Bruno Cipolini dijo: &quot;Las PASO han servido en la provincia para movilizar al frente. Yo fui uno de los que plante\u00f3 que iba a servir, otros planteaban que no, pero esa sumatoria a la que hemos llegado, que ha superado al oficialismo despu\u00e9s de un buen tiempo, en mi opini\u00f3n tiene que ver con que el partido se moviliz\u00f3, se abri\u00f3 a otros actores. Se trat\u00f3 de que nadie quedara en su casa&quot;.<\/p>\n<p>De esta forma, Cipolini tom\u00f3 como desaf\u00edo evitar que los electores de las tres listas internas radicales que fueron a las PASO &quot;se nos vayan quedando en el camino y que terminen optando por otras propuestas&quot;.<\/p>\n<p>El intendente radical de S\u00e1enz Pe\u00f1a record\u00f3, a 24 d\u00edas de las elecciones, el mensaje que buscan transmitir: &quot;A partir de ma\u00f1ana, este equipo y muchos que faltan y que tenemos que convocar salgamos a caminar, a recorrer los barrios&quot;.<\/p>\n<p>Por otro lado, se\u00f1al\u00f3 que &quot;m\u00e1s all\u00e1 de que el pr\u00f3ximo gobernador salga del frente Chaco Cambia, yo sigo apostando a que el pr\u00f3ximo gobernador sea de Presidencia Roque S\u00e1enz Pe\u00f1a y, para eso, nosotros con Silvina y con Carim el 14 de noviembre necesitamos la victoria m\u00e1s importante de toda la provincia y de S\u00e1enz Pe\u00f1a&quot;.<\/p>\n<p>Por ello convoc\u00f3 a los militantes a trabajar en conjunto, y asegur\u00f3 que abrir\u00e1n junto a los candidatos una agenda de trabajo donde estar\u00e1n incluidos los dirigentes -incluso su padre-. &quot;El desaf\u00edo es que no se nos caiga un s\u00f3lo elector y el 14 de noviembre, como tantas otras veces, el triunfo ser\u00e1 de Chaco Cambia con Silvina y Carim Peche&quot;, sentenci\u00f3 Cipolini.<\/p>\n<p>En tanto, el jefe de la bancada opositora en la C\u00e1mara de Diputados provincial y que busca renovar su banca en las pr\u00f3ximas elecciones, Carim Peche, se dirigi\u00f3 a los que participaron de la inauguraci\u00f3n del local y les agradeci\u00f3 el acompa\u00f1amiento con el proyecto. <\/p>\n<p>Se refiri\u00f3 luego a los &quot;triunfos aplastantes que hemos tenido en S\u00e1enz Pe\u00f1a&quot; y se lo acredit\u00f3 a un entendimiento de los objetivos en com\u00fan, as\u00ed tambi\u00e9n como &quot;entender que la posibilidad que nos daba la ciudadan\u00eda de S\u00e1enz Pe\u00f1a la ten\u00edamos que honrar con responsabilidad, con compromiso, y esa transformaci\u00f3n que algunos a veces no la reconocen y, les guste o no, desde el 99 a la fecha se transform\u00f3 S\u00e1enz Pe\u00f1a y se sigue transformando, y vamos por m\u00e1s&quot;.<\/p>\n<p>Peche afirm\u00f3 que, tras las PASO, contin\u00faan trabajando porque sus adversarios son &quot;la corrupci\u00f3n, la justicia, la soberbia&quot;. En este sentido, se\u00f1al\u00f3: &quot;Y ese adversario, juntos todos nosotros el 12 de septiembre, le ganamos por m\u00e1s de 15 mil votos, y no tengan dudas que le vamos a volver a ganar el 14 de noviembre&quot;.<\/p>\n<p>&quot;Gobernar es gestionar todos los d\u00edas, no tomar medidas para cambiar un resultado electoral como est\u00e1n haciendo ahora. Gobernar es escuchar&quot;, dijo el exintendente de S\u00e1enz Pe\u00f1a quien finaliz\u00f3: &quot;El gobernador y su partido hace 14 a\u00f1os que gobierna el Chaco, por eso va a tener el resultado contrario el 14 de noviembre&quot;.<\/p>\n<p>DIARIO CHACO.-<\/p><\/div>\n<div class=\"postie-attachments\"><a href=\"https:\/\/chacosintesis.com.ar\/?attachment_id=12442\"><img decoding=\"async\" src=\"data:image\/gif;base64,R0lGODlhAQABAIAAAAAAAP\/\/\/ywAAAAAAQABAAACAUwAOw==\" fifu-lazy=\"1\" fifu-data-sizes=\"auto\" fifu-data-srcset=\"https:\/\/i1.wp.com\/chacosintesis.com.ar\/wp-content\/uploads\/2021\/10\/localchacocambia-300x200.jpg?ssl=1&w=75&resize=75&ssl=1 75w, https:\/\/i1.wp.com\/chacosintesis.com.ar\/wp-content\/uploads\/2021\/10\/localchacocambia-300x200.jpg?ssl=1&w=100&resize=100&ssl=1 100w, https:\/\/i1.wp.com\/chacosintesis.com.ar\/wp-content\/uploads\/2021\/10\/localchacocambia-300x200.jpg?ssl=1&w=150&resize=150&ssl=1 150w, https:\/\/i1.wp.com\/chacosintesis.com.ar\/wp-content\/uploads\/2021\/10\/localchacocambia-300x200.jpg?ssl=1&w=240&resize=240&ssl=1 240w, https:\/\/i1.wp.com\/chacosintesis.com.ar\/wp-content\/uploads\/2021\/10\/localchacocambia-300x200.jpg?ssl=1&w=320&resize=320&ssl=1 320w, https:\/\/i1.wp.com\/chacosintesis.com.ar\/wp-content\/uploads\/2021\/10\/localchacocambia-300x200.jpg?ssl=1&w=500&resize=500&ssl=1 500w, https:\/\/i1.wp.com\/chacosintesis.com.ar\/wp-content\/uploads\/2021\/10\/localchacocambia-300x200.jpg?ssl=1&w=640&resize=640&ssl=1 640w, https:\/\/i1.wp.com\/chacosintesis.com.ar\/wp-content\/uploads\/2021\/10\/localchacocambia-300x200.jpg?ssl=1&w=800&resize=800&ssl=1 800w, https:\/\/i1.wp.com\/chacosintesis.com.ar\/wp-content\/uploads\/2021\/10\/localchacocambia-300x200.jpg?ssl=1&w=1024&resize=1024&ssl=1 1024w, https:\/\/i1.wp.com\/chacosintesis.com.ar\/wp-content\/uploads\/2021\/10\/localchacocambia-300x200.jpg?ssl=1&w=1280&resize=1280&ssl=1 1280w, https:\/\/i1.wp.com\/chacosintesis.com.ar\/wp-content\/uploads\/2021\/10\/localchacocambia-300x200.jpg?ssl=1&w=1600&resize=1600&ssl=1 1600w\" fifu-data-src=\"https:\/\/i1.wp.com\/chacosintesis.com.ar\/wp-content\/uploads\/2021\/10\/localchacocambia-300x200.jpg?ssl=1\" alt=\"\" width=\"300px\" height=\"200px\" class=\"alignnone size-medium wp-image-12442\" \/><\/a><\/div>\n","protected":false},"excerpt":{"rendered":"<p>Dirigentes de la UCR inauguraron este viernes el nuevo local de campa\u00f1a de la Lista 503 &quot;Chaco Cambia&quot; en S\u00e1enz Pe\u00f1a. &quot;El desaf\u00edo es que no se nos caiga un solo elector y el 14 de noviembre, como tantas otras veces, el triunfo ser\u00e1 de Chaco Cambia con Silvina y Carim Peche&quot;, se\u00f1alaron. En este [&hellip;]<\/p>\n","protected":false},"author":1,"featured_media":12441,"comment_status":"closed","ping_status":"closed","sticky":false,"template":"","format":"standard","meta":{"footnotes":""},"categories":[6],"tags":[],"class_list":{"0":"post-12440","1":"post","2":"type-post","3":"status-publish","4":"format-standard","5":"has-post-thumbnail","7":"category-chaco"},"_links":{"self":[{"href":"https:\/\/chacosintesis.com.ar\/index.php\/wp-json\/wp\/v2\/posts\/12440","targetHints":{"allow":["GET"]}}],"collection":[{"href":"https:\/\/chacosintesis.com.ar\/index.php\/wp-json\/wp\/v2\/posts"}],"about":[{"href":"https:\/\/chacosintesis.com.ar\/index.php\/wp-json\/wp\/v2\/types\/post"}],"author":[{"embeddable":true,"href":"https:\/\/chacosintesis.com.ar\/index.php\/wp-json\/wp\/v2\/users\/1"}],"replies":[{"embeddable":true,"href":"https:\/\/chacosintesis.com.ar\/index.php\/wp-json\/wp\/v2\/comments?post=12440"}],"version-history":[{"count":0,"href":"https:\/\/chacosintesis.com.ar\/index.php\/wp-json\/wp\/v2\/posts\/12440\/revisions"}],"wp:featuredmedia":[{"embeddable":true,"href":"https:\/\/chacosintesis.com.ar\/index.php\/wp-json\/wp\/v2\/media\/12441"}],"wp:attachment":[{"href":"https:\/\/chacosintesis.com.ar\/index.php\/wp-json\/wp\/v2\/media?parent=12440"}],"wp:term":[{"taxonomy":"category","embeddable":true,"href":"https:\/\/chacosintesis.com.ar\/index.php\/wp-json\/wp\/v2\/categories?post=12440"},{"taxonomy":"post_tag","embeddable":true,"href":"https:\/\/chacosintesis.com.ar\/index.php\/wp-json\/wp\/v2\/tags?post=12440"}],"curies":[{"name":"wp","href":"https:\/\/api.w.org\/{rel}","templated":true}]}}