{"id":12438,"date":"2021-10-23T10:36:59","date_gmt":"2021-10-23T13:36:59","guid":{"rendered":"https:\/\/chacosintesis.com.ar\/?p=12438"},"modified":"2021-10-23T11:07:23","modified_gmt":"2021-10-23T14:07:23","slug":"recapturaron-a-rajoy-el-preso-que-se-habia-escapado-en-saenz-pena","status":"publish","type":"post","link":"https:\/\/chacosintesis.com.ar\/index.php\/recapturaron-a-rajoy-el-preso-que-se-habia-escapado-en-saenz-pena\/","title":{"rendered":"Recapturaron a Rajoy, el preso que se hab\u00eda escapado en S\u00e1enz Pe\u00f1a"},"content":{"rendered":"<div dir=\"ltr\">Cerca de las 22, efectivos policiales informaron que lograron dar con Gustavo Rajoy, un peligroso detenido que se hab\u00eda escapado. Fue hallado tras un control de pasajeros a un colectivo de La Termal, cuando el pr\u00f3fugo descendi\u00f3 del veh\u00edculo e intent\u00f3 huir.<br \/>\u00a0<br \/>Se trat\u00f3 de un control en Ruta 16 al kil\u00f3metro 172. Los agentes observaron que, desde el interior de un colectivo de la empresa &quot;La Termal&quot;, baj\u00f3 corriendo una persona de sexo masculino que reun\u00eda caracter\u00edsticas similares a Rajoy. Seg\u00fan se\u00f1alaron fuentes policiales, el hombre huy\u00f3 entre la espesura del monte cercano.<br \/>\u00a0<br \/>Comenz\u00f3 entonces una persecuci\u00f3n policial que tuvo \u00e9xito. A pesar de la resistencia que manifest\u00f3 el interno N\u00b0239, fue reducido y trasladado hasta medicina legal para su revisi\u00f3n. Posteriormente, fue devuelto al Servicio Penitenciario Provincial.<br \/>\u00a0<br \/>Cabe se\u00f1alar que el recluso ya tuvo un episodio similar de escape el a\u00f1o pasado cuando huy\u00f3 de su lugar de internaci\u00f3n y deambul\u00f3 por el barrio 713 viviendas de la ciudad de S\u00e1enz Pe\u00f1a. Horas m\u00e1s tarde, fue detenido por efectivos de la Comisar\u00eda Tercera.<\/p>\n<p>EL ESCAPE<br \/>\u00a0<br \/>Rajoy, oriundo de Machagai, se encontraba detenido pero alojado en el Servicio de Salud Mental del hospital 4 de Junio. Durante la tarde del viernes se inform\u00f3 sobre su escape, que habr\u00eda sido burlando a la custodia del Servicio Penitenciario.<\/p>\n<p>DIARIO CHACO.-<\/p><\/div>\n","protected":false},"excerpt":{"rendered":"<p>Cerca de las 22, efectivos policiales informaron que lograron dar con Gustavo Rajoy, un peligroso detenido que se hab\u00eda escapado. Fue hallado tras un control de pasajeros a un colectivo de La Termal, cuando el pr\u00f3fugo descendi\u00f3 del veh\u00edculo e intent\u00f3 huir.\u00a0Se trat\u00f3 de un control en Ruta 16 al kil\u00f3metro 172. Los agentes observaron [&hellip;]<\/p>\n","protected":false},"author":1,"featured_media":12439,"comment_status":"closed","ping_status":"closed","sticky":false,"template":"","format":"standard","meta":{"footnotes":""},"categories":[6],"tags":[],"class_list":{"0":"post-12438","1":"post","2":"type-post","3":"status-publish","4":"format-standard","5":"has-post-thumbnail","7":"category-chaco"},"_links":{"self":[{"href":"https:\/\/chacosintesis.com.ar\/index.php\/wp-json\/wp\/v2\/posts\/12438","targetHints":{"allow":["GET"]}}],"collection":[{"href":"https:\/\/chacosintesis.com.ar\/index.php\/wp-json\/wp\/v2\/posts"}],"about":[{"href":"https:\/\/chacosintesis.com.ar\/index.php\/wp-json\/wp\/v2\/types\/post"}],"author":[{"embeddable":true,"href":"https:\/\/chacosintesis.com.ar\/index.php\/wp-json\/wp\/v2\/users\/1"}],"replies":[{"embeddable":true,"href":"https:\/\/chacosintesis.com.ar\/index.php\/wp-json\/wp\/v2\/comments?post=12438"}],"version-history":[{"count":0,"href":"https:\/\/chacosintesis.com.ar\/index.php\/wp-json\/wp\/v2\/posts\/12438\/revisions"}],"wp:featuredmedia":[{"embeddable":true,"href":"https:\/\/chacosintesis.com.ar\/index.php\/wp-json\/wp\/v2\/media\/12439"}],"wp:attachment":[{"href":"https:\/\/chacosintesis.com.ar\/index.php\/wp-json\/wp\/v2\/media?parent=12438"}],"wp:term":[{"taxonomy":"category","embeddable":true,"href":"https:\/\/chacosintesis.com.ar\/index.php\/wp-json\/wp\/v2\/categories?post=12438"},{"taxonomy":"post_tag","embeddable":true,"href":"https:\/\/chacosintesis.com.ar\/index.php\/wp-json\/wp\/v2\/tags?post=12438"}],"curies":[{"name":"wp","href":"https:\/\/api.w.org\/{rel}","templated":true}]}}