{"id":12426,"date":"2021-10-22T19:20:30","date_gmt":"2021-10-22T22:20:30","guid":{"rendered":"https:\/\/chacosintesis.com.ar\/?p=12426"},"modified":"2021-10-22T19:40:00","modified_gmt":"2021-10-22T22:40:00","slug":"polini-chaco-cambia-representa-la-esperanza-de-poder-vivir-en-una-provincia-igualitaria-inclusiva-diversa-y-sostenible","status":"publish","type":"post","link":"https:\/\/chacosintesis.com.ar\/index.php\/polini-chaco-cambia-representa-la-esperanza-de-poder-vivir-en-una-provincia-igualitaria-inclusiva-diversa-y-sostenible\/","title":{"rendered":"Polini: &#8220;Chaco Cambia representa la esperanza de poder vivir en una provincia igualitaria, inclusiva, diversa y sostenible&#8221;"},"content":{"rendered":"<div dir=\"ltr\">El candidato a diputado nacional de Chaco Cambia, Lista 503, Juan Carlos Polini, recorri\u00f3 la ciudad de Barranqueras para dialogar con los vecinos como as\u00ed tambi\u00e9n con referentes del comercio, pymes, docentes, personal sanitario y j\u00f3venes emprendedores entre otros.<\/p>\n<p>Realidad<\/p>\n<p>En este contexto remarc\u00f3 la muy buena recepci\u00f3n de la gente \u201cHay mucha angustia y desesperanza por varios motivos, los salarios p\u00fablicos tanto de activos como jubilados est\u00e1n por debajo de la l\u00ednea de pobreza, los precios de los alimentos de primera necesidad se han tornado casi un privilegio y \u00a0la falta de trabajo, particularmente para los m\u00e1s j\u00f3venes, \u00a0son algunas de las mayores preocupaciones\u201d<\/p>\n<p>\u201cDurante muchos a\u00f1os le hicieron creer a la gente que con un plan pod\u00edan vivir bien siendo conscientes de que era pan para hoy y hambre para ma\u00f1ana, \u00a0pero no les import\u00f3, solo quieren el voto, \u00a0no les preocupa que miles de familias no tengan acceso a salud y educaci\u00f3n de calidad, a una vivienda digna, una jubilaci\u00f3n o una obra social\u201d<\/p>\n<p>\u201cEn cuanto al sector privado como el caso de los comercios la situaci\u00f3n es compleja, muchos cerraron sus puertas como consecuencia del cierre obligatorio y \u00a0sin sentido durante la pandemia y un Estado ausente, y los que pudieron resistir padecen el impacto de la inflaci\u00f3n y \u00a0una fuerte presi\u00f3n impositiva que los coloca al l\u00edmite de sus posibilidades\u201d<\/p>\n<p>Propuestas<\/p>\n<p>\u201cLos recursos est\u00e1n, hay que administrarlo bien, atendiendo las prioridades, por eso decimos que junto a Leandro Zdero, Carim Peche y cada uno de los que integramos Chaco Cambia somos capaces de revertir esta situaci\u00f3n si el 14 de noviembre nos acompa\u00f1an con el voto y as\u00f3 podemos ser mas en la Legislatura provincial y el Congreso de la Naci\u00f3n, existen un sinf\u00edn de leyes presentadas para dar respuestas a estos temas y que no avanzan porque el kirchnersimo tiene mayor\u00eda en ambos casos, y adem\u00e1s tenemos muchas propuestas nuevas como el plan chaque\u00f1o de infraestructura para realizar las obras indispensables para dar valor agregado a nuestra materia prima en or\u00edgen \u00a0y as\u00ed promover un crecimiento y desarrollo sostenible, el programa primer empleo o el plan empalme para que quienes perciban una ayuda social puedan trabajar sin perder esa asistencia entre otras\u201d \u00a0 \u00a0<\/p><\/div>\n","protected":false},"excerpt":{"rendered":"<p>El candidato a diputado nacional de Chaco Cambia, Lista 503, Juan Carlos Polini, recorri\u00f3 la ciudad de Barranqueras para dialogar con los vecinos como as\u00ed tambi\u00e9n con referentes del comercio, pymes, docentes, personal sanitario y j\u00f3venes emprendedores entre otros. Realidad En este contexto remarc\u00f3 la muy buena recepci\u00f3n de la gente \u201cHay mucha angustia y [&hellip;]<\/p>\n","protected":false},"author":1,"featured_media":12427,"comment_status":"closed","ping_status":"closed","sticky":false,"template":"","format":"standard","meta":{"footnotes":""},"categories":[6],"tags":[],"class_list":{"0":"post-12426","1":"post","2":"type-post","3":"status-publish","4":"format-standard","5":"has-post-thumbnail","7":"category-chaco"},"_links":{"self":[{"href":"https:\/\/chacosintesis.com.ar\/index.php\/wp-json\/wp\/v2\/posts\/12426","targetHints":{"allow":["GET"]}}],"collection":[{"href":"https:\/\/chacosintesis.com.ar\/index.php\/wp-json\/wp\/v2\/posts"}],"about":[{"href":"https:\/\/chacosintesis.com.ar\/index.php\/wp-json\/wp\/v2\/types\/post"}],"author":[{"embeddable":true,"href":"https:\/\/chacosintesis.com.ar\/index.php\/wp-json\/wp\/v2\/users\/1"}],"replies":[{"embeddable":true,"href":"https:\/\/chacosintesis.com.ar\/index.php\/wp-json\/wp\/v2\/comments?post=12426"}],"version-history":[{"count":0,"href":"https:\/\/chacosintesis.com.ar\/index.php\/wp-json\/wp\/v2\/posts\/12426\/revisions"}],"wp:featuredmedia":[{"embeddable":true,"href":"https:\/\/chacosintesis.com.ar\/index.php\/wp-json\/wp\/v2\/media\/12427"}],"wp:attachment":[{"href":"https:\/\/chacosintesis.com.ar\/index.php\/wp-json\/wp\/v2\/media?parent=12426"}],"wp:term":[{"taxonomy":"category","embeddable":true,"href":"https:\/\/chacosintesis.com.ar\/index.php\/wp-json\/wp\/v2\/categories?post=12426"},{"taxonomy":"post_tag","embeddable":true,"href":"https:\/\/chacosintesis.com.ar\/index.php\/wp-json\/wp\/v2\/tags?post=12426"}],"curies":[{"name":"wp","href":"https:\/\/api.w.org\/{rel}","templated":true}]}}