{"id":12413,"date":"2021-10-21T17:11:55","date_gmt":"2021-10-21T20:11:55","guid":{"rendered":"https:\/\/chacosintesis.com.ar\/?p=12413"},"modified":"2021-10-21T17:37:21","modified_gmt":"2021-10-21T20:37:21","slug":"rozashay-que-escuchar-al-campo-porque-es-un-sector-esencial-para-superar-la-crisis-que-vivimos","status":"publish","type":"post","link":"https:\/\/chacosintesis.com.ar\/index.php\/rozashay-que-escuchar-al-campo-porque-es-un-sector-esencial-para-superar-la-crisis-que-vivimos\/","title":{"rendered":"Rozas:&#8221;Hay que escuchar al campo porque es un sector esencial para superar la crisis que vivimos&#8221;"},"content":{"rendered":"<div dir=\"ltr\">En el \u00a0marco de las actividades contempladas en la agenda econ\u00f3mica y productiva, el ex gobernador Angel Rozas se encuentra recorriendo el interior provincial a fin de tomar contacto con referentes del sector. En esta oportunidad estuvo en zona rural de Juan Jos\u00e9 Castelli acompa\u00f1ado del candidato a diputado provincial de Chaco Cambia, \u00a0Sebasti\u00e1n \u201cColo\u201d Lazzarini.<\/p>\n<p>Con la participaci\u00f3n de m\u00e1s de 200 productores y miembros de consorcios camineros y rurales de la regi\u00f3n, Rozas escuch\u00f3 la problem\u00e1tica que atraviesa el sector \u201cEl campo es el motor de la econom\u00eda del Chaco y del pa\u00eds, lamentablemente est\u00e1n atravesando una situaci\u00f3n asfixiante como consecuencia de la fuerte presi\u00f3n impositiva, las retenciones y la inflaci\u00f3n que impacta en el costo de los insumos\u201d<\/p>\n<p>\u201cLas restricciones a las exportaciones impuestas por el gobierno nacional se agrega a la lista de obst\u00e1culos que impiden el desarrollo y crecimiento de un sector esencial para superar la crisis econ\u00f3mica y social que vivimos, el sector ganadero no pueden exportar vaca conserva, lo mismo ocurre con el ma\u00edz, \u00a0a todo esto se suma una sequ\u00eda prolongada, \u00a0est\u00e1n trabajando al l\u00edmite, necesitan un gobierno presente, que atienda estas necesidades, \u00a0porque si al campo le va bien, \u00a0nos va a bien a todos los chaque\u00f1os y argentinos\u201d<\/p><\/div>\n","protected":false},"excerpt":{"rendered":"<p>En el \u00a0marco de las actividades contempladas en la agenda econ\u00f3mica y productiva, el ex gobernador Angel Rozas se encuentra recorriendo el interior provincial a fin de tomar contacto con referentes del sector. En esta oportunidad estuvo en zona rural de Juan Jos\u00e9 Castelli acompa\u00f1ado del candidato a diputado provincial de Chaco Cambia, \u00a0Sebasti\u00e1n \u201cColo\u201d [&hellip;]<\/p>\n","protected":false},"author":1,"featured_media":12414,"comment_status":"closed","ping_status":"closed","sticky":false,"template":"","format":"standard","meta":{"footnotes":""},"categories":[6],"tags":[],"class_list":{"0":"post-12413","1":"post","2":"type-post","3":"status-publish","4":"format-standard","5":"has-post-thumbnail","7":"category-chaco"},"_links":{"self":[{"href":"https:\/\/chacosintesis.com.ar\/index.php\/wp-json\/wp\/v2\/posts\/12413","targetHints":{"allow":["GET"]}}],"collection":[{"href":"https:\/\/chacosintesis.com.ar\/index.php\/wp-json\/wp\/v2\/posts"}],"about":[{"href":"https:\/\/chacosintesis.com.ar\/index.php\/wp-json\/wp\/v2\/types\/post"}],"author":[{"embeddable":true,"href":"https:\/\/chacosintesis.com.ar\/index.php\/wp-json\/wp\/v2\/users\/1"}],"replies":[{"embeddable":true,"href":"https:\/\/chacosintesis.com.ar\/index.php\/wp-json\/wp\/v2\/comments?post=12413"}],"version-history":[{"count":0,"href":"https:\/\/chacosintesis.com.ar\/index.php\/wp-json\/wp\/v2\/posts\/12413\/revisions"}],"wp:featuredmedia":[{"embeddable":true,"href":"https:\/\/chacosintesis.com.ar\/index.php\/wp-json\/wp\/v2\/media\/12414"}],"wp:attachment":[{"href":"https:\/\/chacosintesis.com.ar\/index.php\/wp-json\/wp\/v2\/media?parent=12413"}],"wp:term":[{"taxonomy":"category","embeddable":true,"href":"https:\/\/chacosintesis.com.ar\/index.php\/wp-json\/wp\/v2\/categories?post=12413"},{"taxonomy":"post_tag","embeddable":true,"href":"https:\/\/chacosintesis.com.ar\/index.php\/wp-json\/wp\/v2\/tags?post=12413"}],"curies":[{"name":"wp","href":"https:\/\/api.w.org\/{rel}","templated":true}]}}