{"id":12411,"date":"2021-10-21T17:00:05","date_gmt":"2021-10-21T20:00:05","guid":{"rendered":"https:\/\/chacosintesis.com.ar\/?p=12411"},"modified":"2021-10-21T17:07:25","modified_gmt":"2021-10-21T20:07:25","slug":"el-2-de-marzo-comienza-el-ciclo-lectivo-2022","status":"publish","type":"post","link":"https:\/\/chacosintesis.com.ar\/index.php\/el-2-de-marzo-comienza-el-ciclo-lectivo-2022\/","title":{"rendered":"El 2 de marzo comienza el ciclo lectivo 2022"},"content":{"rendered":"<div dir=\"ltr\">Ministras y ministros de las 24 jurisdicciones educativas celebraron la 112\u00b0 asamblea del Consejo Federal de Educaci\u00f3n (CFE) presidida por el ministro de Educaci\u00f3n nacional, Jaime Perczyk. En esta reuni\u00f3n, se acord\u00f3 el 2 de marzo como fecha de inicio para el ciclo lectivo 2022 en todo el pa\u00eds -a excepci\u00f3n de CABA que comienza el 21 de febrero y Corrientes el 14 de febrero- y el establecimiento de, al menos, 190 d\u00edas de clase con la posibilidad de que cada jurisdicci\u00f3n defina sumar d\u00edas y horas para priorizar los aprendizajes afectados por la pandemia de COVID-19 y la recuperaci\u00f3n de los tiempos escolares. Adem\u00e1s, se fijaron 15 d\u00edas de vacaciones durante todo el mes de julio para que cada una de las jurisdicciones seleccione dos semanas a fin de promover el turismo local y entre provincias.<\/p>\n<p>Al comenzar el encuentro, el ministro Perczyk dijo: \u201cEl calendario escolar 2022, que hoy aprobamos, establece al menos 190 d\u00edas de clase. Esta decisi\u00f3n es una expresi\u00f3n de justicia social y el reconocimiento de todo el sistema educativo\u201d. Y luego agreg\u00f3: \u201cDebemos dise\u00f1ar y establecer pol\u00edticas p\u00fablicas, estrat\u00e9gicas y de financiamiento para ir a buscar a cada chica y cada chico que se nos fue de la escuela, y garantizar la presencialidad plena. Son 190 d\u00edas para priorizar contenidos y recuperar aprendizajes\u201d.<\/p>\n<p>El avance sostenido del proceso de vacunaci\u00f3n de la poblaci\u00f3n y el mejoramiento de las condiciones sanitarias, permite el retorno a la presencialidad plena siempre contemplando todos los cuidados de la salud. En ese sentido, el Gobierno nacional est\u00e1 implementando el programa \u201cVolv\u00e9 a la escuela\u201d con una inversi\u00f3n de $5.000 millones para acompa\u00f1ar el regreso al sistema educativo de las y los estudiantes que se desvincularon, como consecuencia de las condiciones impuestas por la pandemia, y lograr la recuperaci\u00f3n de los saberes.<\/p>\n<div><\/div>\n<div><\/div>\n<\/div>\n","protected":false},"excerpt":{"rendered":"<p>Ministras y ministros de las 24 jurisdicciones educativas celebraron la 112\u00b0 asamblea del Consejo Federal de Educaci\u00f3n (CFE) presidida por el ministro de Educaci\u00f3n nacional, Jaime Perczyk. En esta reuni\u00f3n, se acord\u00f3 el 2 de marzo como fecha de inicio para el ciclo lectivo 2022 en todo el pa\u00eds -a excepci\u00f3n de CABA que comienza [&hellip;]<\/p>\n","protected":false},"author":1,"featured_media":12412,"comment_status":"closed","ping_status":"closed","sticky":false,"template":"","format":"standard","meta":{"footnotes":""},"categories":[6],"tags":[60],"class_list":{"0":"post-12411","1":"post","2":"type-post","3":"status-publish","4":"format-standard","5":"has-post-thumbnail","7":"category-chaco","8":"tag-featured"},"_links":{"self":[{"href":"https:\/\/chacosintesis.com.ar\/index.php\/wp-json\/wp\/v2\/posts\/12411","targetHints":{"allow":["GET"]}}],"collection":[{"href":"https:\/\/chacosintesis.com.ar\/index.php\/wp-json\/wp\/v2\/posts"}],"about":[{"href":"https:\/\/chacosintesis.com.ar\/index.php\/wp-json\/wp\/v2\/types\/post"}],"author":[{"embeddable":true,"href":"https:\/\/chacosintesis.com.ar\/index.php\/wp-json\/wp\/v2\/users\/1"}],"replies":[{"embeddable":true,"href":"https:\/\/chacosintesis.com.ar\/index.php\/wp-json\/wp\/v2\/comments?post=12411"}],"version-history":[{"count":0,"href":"https:\/\/chacosintesis.com.ar\/index.php\/wp-json\/wp\/v2\/posts\/12411\/revisions"}],"wp:featuredmedia":[{"embeddable":true,"href":"https:\/\/chacosintesis.com.ar\/index.php\/wp-json\/wp\/v2\/media\/12412"}],"wp:attachment":[{"href":"https:\/\/chacosintesis.com.ar\/index.php\/wp-json\/wp\/v2\/media?parent=12411"}],"wp:term":[{"taxonomy":"category","embeddable":true,"href":"https:\/\/chacosintesis.com.ar\/index.php\/wp-json\/wp\/v2\/categories?post=12411"},{"taxonomy":"post_tag","embeddable":true,"href":"https:\/\/chacosintesis.com.ar\/index.php\/wp-json\/wp\/v2\/tags?post=12411"}],"curies":[{"name":"wp","href":"https:\/\/api.w.org\/{rel}","templated":true}]}}