{"id":12397,"date":"2021-10-20T22:03:45","date_gmt":"2021-10-21T01:03:45","guid":{"rendered":"https:\/\/chacosintesis.com.ar\/?p=12397"},"modified":"2021-10-20T22:06:40","modified_gmt":"2021-10-21T01:06:40","slug":"el-gobierno-entrego-2000-tablets-del-programa-conectando-con-vos","status":"publish","type":"post","link":"https:\/\/chacosintesis.com.ar\/index.php\/el-gobierno-entrego-2000-tablets-del-programa-conectando-con-vos\/","title":{"rendered":"El gobierno entreg\u00f3 2000 tablets del programa \u201cConectando con vos\u201d"},"content":{"rendered":"<div dir=\"ltr\">El gobernador Jorge Capitanich y ministros del gabinete provincial entregaron esta tarde 2000 tablets a beneficiarias y beneficiarios chaque\u00f1os del programa \u201cConectando con vos\u201d del Ente Nacional de Comunicaciones (Enacom). \u201cEsta es una herramienta de trabajo muy \u00fatil en un contexto de digitalizaci\u00f3n y de jornada extendida de base digital. Mejoramos el rendimiento escolar y la garant\u00eda de inclusi\u00f3n social educativa. Tener conectividad y computadoras garantiza la trayectoria escolar, mejora la educaci\u00f3n y sostiene una estrategia para ensanchar la base del conocimiento de alumnos y alumnas\u201d, destac\u00f3 el titular del Ejecutivo provincial en el estadio del Club Atl\u00e9tico Sarmiento.<\/p>\n<p>En la oportunidad, el mandatario provincial los felicit\u00f3 y llam\u00f3 a hacer un buen uso de cada una de estas computadoras \u201cpara aprender, educarse y mejorar\u201d. \u201cQueremos llegar al 95 % de conectividad en las escuelas hacia el a\u00f1o pr\u00f3ximo, porque es una herramienta de aprendizaje y ojal\u00e1 lo puedan disfrutar muy bien cada uno de ustedes\u201d, concluy\u00f3. Del acto protocolar tambi\u00e9n participaron la ministra Mar\u00eda P\u00eda Chiacchio Cavana, Mar\u00eda P\u00eda (Desarrollo Social), Santiago P\u00e9rez Pons (Planificaci\u00f3n, Econom\u00eda e Infraestructura) y el ministro Aldo Lineras (Educaci\u00f3n), junto a Lucas Vel\u00e1zquez (presidente de Ecom Chaco SA) y al presidente del Ente Nacional de Comunicaciones (Enacom), Claudio Ambrosini. El joven Tiziano Cantero recibi\u00f3 la Tablet de mano del gobernador de manera simb\u00f3lica: &quot;Tener conectividad y computadoras garantiza la trayectoria escolar, mejora la educaci\u00f3n y sostiene una estrategia para ensanchar la base del conocimiento de alumnos y alumnas&quot;, cerr\u00f3 Capitanich.<\/p>\n<p>\u00a0<\/p>\n<p>Los destinatarios<\/p>\n<p>En esta oportunidad, resultaron beneficiarios y beneficiarias de la Asignaci\u00f3n Universal por Hijo (AUH) y la Asignaci\u00f3n por Embarazo, como as\u00ed\u0301 tambi\u00e9n sus hijos-as\/tenencia de entre 16 y 18 a\u00f1os, y miembros de su grupo familiar (padre\/madre, c\u00f3nyuge\/conviviente). A su vez, beneficiarios y beneficiarias de Pensiones no Contributivas que perciban ingresos mensuales brutos no superiores a dos Salarios M\u00ednimos Vitales y M\u00f3viles como as\u00ed\u0301 tambi\u00e9n sus hijos-as\/tenencia de entre 16 y \u00a018 a\u00f1os.<\/p>\n<p>Del mismo modo, usuarios inscriptos y usuarias inscriptas en el R\u00e9gimen de Monotributo Social como as\u00ed\u0301 tambi\u00e9n sus hijos- as\/tenencia de entre 16 y 18 a\u00f1os; como as\u00ed tambi\u00e9n jubilados y jubiladas; pensionadas y pensionados; y trabajadores y trabajadoras en relaci\u00f3n de dependencia que perciban una remuneraci\u00f3n bruta menor o igual a dos Salarios M\u00ednimos Vitales y M\u00f3viles como asi\u0301 tambi\u00e9n sus hijos-as\/tenencia de entre 16 y 18 a\u00f1os.<\/p>\n<p>El beneficio tambi\u00e9n alcanz\u00f3 a trabajadores y trabajadoras monotributistas inscriptos e inscriptas en una categor\u00eda cuyo ingreso anual mensualizado no supere dos Salarios M\u00ednimos Vitales y M\u00f3viles como as\u00ed\u0301 tambi\u00e9n sus hijos-as\/tenencia de entre 16 y 18 a\u00f1os; usuarios y usuarias que perciban seguro de desempleo como as\u00ed\u0301 tambi\u00e9n sus hijos-as\/tenencia de entre 16 y 18 a\u00f1os; y usuarios y usuarias incorporados e incorporadas en el R\u00e9gimen Especial de Seguridad Social para Empleados de Casas Particulares (Ley N\u00b0 26.844) como as\u00ed\u0301 tambi\u00e9n sus hijos-as\/tenencia de entre 16 y 18 a\u00f1os. Adem\u00e1s, usuarios y usuarias que perciban una beca del programa Progresar y personas que se encuentren desocupadas o se desempe\u00f1en en la econom\u00eda informal, como as\u00ed\u0301 tambi\u00e9n sus hijos- as\/tenencia de entre 16 y 18 a\u00f1os.<\/p>\n<p>Recibieron su Tablet tambi\u00e9n los beneficiarias y beneficiarios de programas sociales, como as\u00ed\u0301 tambi\u00e9n sus hijos-as\/tenencia de entre 16 y 18 a\u00f1os; clubes de Barrio y de Pueblo que se encuentren registrados conforme lo dispuesto por la Ley N\u00b0 27.098 y asociaciones de Bomberos Voluntarios definidas por la Ley N\u00b0 25.054 como entes de primer grado y que se encuentren registrados en los t\u00e9rminos de dicha Ley.<\/p>\n<p>Finalmente, entidades de Bien P\u00fablico definidas por la Ley N\u00b0 27.218 como: asociaciones civiles, simples asociaciones y fundaciones que no persiguen fines de lucro en forma directa o indirecta y las organizaciones comunitarias sin fines de lucro con reconocimiento municipal que llevan adelante programas de promoci\u00f3n y protecci\u00f3n de derechos o desarrollan actividades de ayuda social directa sin cobrar a los destinatarios por los servicios que prestan, debiendo estar inscriptas ante el Centro Nacional de Organizaciones de la Comunidad (CENOC). Y beneficiarios y Beneficiarias del Programa CONECTAR IGUALDAD aprobado por el Decreto N\u00b0 459\/2010 y sus modificatorios; y habitantes de barrios populares inscriptos en el Registro Nacional de Barrios Populares (RENABAP), creado por el Decreto N\u00b0 358\/2017.<\/p><\/div>\n","protected":false},"excerpt":{"rendered":"<p>El gobernador Jorge Capitanich y ministros del gabinete provincial entregaron esta tarde 2000 tablets a beneficiarias y beneficiarios chaque\u00f1os del programa \u201cConectando con vos\u201d del Ente Nacional de Comunicaciones (Enacom). \u201cEsta es una herramienta de trabajo muy \u00fatil en un contexto de digitalizaci\u00f3n y de jornada extendida de base digital. Mejoramos el rendimiento escolar y [&hellip;]<\/p>\n","protected":false},"author":1,"featured_media":12398,"comment_status":"closed","ping_status":"closed","sticky":false,"template":"","format":"standard","meta":{"footnotes":""},"categories":[6],"tags":[],"class_list":{"0":"post-12397","1":"post","2":"type-post","3":"status-publish","4":"format-standard","5":"has-post-thumbnail","7":"category-chaco"},"_links":{"self":[{"href":"https:\/\/chacosintesis.com.ar\/index.php\/wp-json\/wp\/v2\/posts\/12397","targetHints":{"allow":["GET"]}}],"collection":[{"href":"https:\/\/chacosintesis.com.ar\/index.php\/wp-json\/wp\/v2\/posts"}],"about":[{"href":"https:\/\/chacosintesis.com.ar\/index.php\/wp-json\/wp\/v2\/types\/post"}],"author":[{"embeddable":true,"href":"https:\/\/chacosintesis.com.ar\/index.php\/wp-json\/wp\/v2\/users\/1"}],"replies":[{"embeddable":true,"href":"https:\/\/chacosintesis.com.ar\/index.php\/wp-json\/wp\/v2\/comments?post=12397"}],"version-history":[{"count":0,"href":"https:\/\/chacosintesis.com.ar\/index.php\/wp-json\/wp\/v2\/posts\/12397\/revisions"}],"wp:featuredmedia":[{"embeddable":true,"href":"https:\/\/chacosintesis.com.ar\/index.php\/wp-json\/wp\/v2\/media\/12398"}],"wp:attachment":[{"href":"https:\/\/chacosintesis.com.ar\/index.php\/wp-json\/wp\/v2\/media?parent=12397"}],"wp:term":[{"taxonomy":"category","embeddable":true,"href":"https:\/\/chacosintesis.com.ar\/index.php\/wp-json\/wp\/v2\/categories?post=12397"},{"taxonomy":"post_tag","embeddable":true,"href":"https:\/\/chacosintesis.com.ar\/index.php\/wp-json\/wp\/v2\/tags?post=12397"}],"curies":[{"name":"wp","href":"https:\/\/api.w.org\/{rel}","templated":true}]}}