{"id":12395,"date":"2021-10-20T22:01:37","date_gmt":"2021-10-21T01:01:37","guid":{"rendered":"https:\/\/chacosintesis.com.ar\/?p=12395"},"modified":"2021-10-20T22:06:39","modified_gmt":"2021-10-21T01:06:39","slug":"desarrollo-social-presento-su-propuesta-para-refacciones-de-viviendas","status":"publish","type":"post","link":"https:\/\/chacosintesis.com.ar\/index.php\/desarrollo-social-presento-su-propuesta-para-refacciones-de-viviendas\/","title":{"rendered":"Desarrollo Social present\u00f3 su propuesta para refacciones de viviendas"},"content":{"rendered":"<div dir=\"ltr\">\u201cMejor techo, mejor vida\u201d, alcanzar\u00e1 a familias chaque\u00f1as en situaci\u00f3n de vulnerabilidad, en donde se otorgar\u00e1n aportes de emergencia no reintegrables a quienes precisen mejorar su situaci\u00f3n de habitabilidad.<\/p>\n<p>La ministra de Desarrollo Social, Mar\u00eda P\u00eda Chiacchio Cavana, present\u00f3 en la ma\u00f1ana de este mi\u00e9rcoles, en el barrio Los Aromitos de Resistencia, el programa \u201cMejor techo, mejor vida\u201d, propuesta que conjuga respuestas habitacionales como tambi\u00e9n de dinamizaci\u00f3n de empleo en raz\u00f3n de generar puestos de trabajo en la construcci\u00f3n. En la pr\u00e1ctica se traduce en que aquellas familias en situaciones de habitabilidad precarias y con pobreza estructural cuenten con un aporte de emergencia para mejorar su inmueble. Para ello, junto con el Nuevo Banco del Chaco se les otorgar\u00e1 un pl\u00e1stico que tendr\u00e1 fondos para la compra de materiales en un porcentaje mientras que el resto se destinar\u00e1 para costear la mano de obra.<\/p>\n<p>Previa a la asignaci\u00f3n de recursos, se har\u00e1n verificaciones en terreno en los domicilios de los futuros beneficiarios, por medio de t\u00e9cnicos de la Administraci\u00f3n Nacional de la Seguridad Social (Anses), el Instituto Provincial de Desarrollo Urbano y de Vivienda (Ipduv) y equipos t\u00e9cnicos e interdisciplinarios la cartera social. \u201cEs una soluci\u00f3n para la precariedad habitacional que lamentablemente tienen muchas familias chaque\u00f1as, con esto estamos dando respuestas a demandas que surgieron en los \u00faltimos meses\u201d, expres\u00f3 Cavana.<\/p>\n<p>Operativos territoriales<\/p>\n<p>Para la implementaci\u00f3n, la ministra indic\u00f3 que en los pr\u00f3ximos meses se intensificar\u00e1n los operativos territoriales de relevamiento para determinar si califican con los perfiles.<\/p>\n<p>\u201cEs para todos aquellos que est\u00e9n en situaci\u00f3n de indigencia o que por alguna raz\u00f3n no pudieron acceder a otra pol\u00edtica estatal, la intenci\u00f3n es agilizar los primeros operativos de modo tal de que en el corto plazo realizar los primeros desembolsos\u201d, expres\u00f3 Cavana para subrayar que los aportes llegan a un m\u00e1ximo de 300.000 pesos.<\/p>\n<p>Participaron de la actividad las responsables de la Unidad Ejecutora Manuela Ortiz y Roc\u00edo Dom\u00ednguez, la subsecretaria de Ni\u00f1ez, Adolescencia y Familia, Graciela Cavana y el subsecretario de Econom\u00eda y Pol\u00edticas Sociales, Diego Luna.\u00a0<\/p>\n<p>Vivienda digna<\/p>\n<p>El programa llega para quienes residen en barrios populares y que cuentan con el Certificado \u00danico de Beneficiarios del H\u00e1bitat- RUBH, priorizando aquellos hogares donde residen personas con discapacidad, embarazadas o madres de 7 hijos, para la ejecuci\u00f3n de construcciones de infraestructura social b\u00e1sica que resuelva las situaciones de emergencia por d\u00e9ficit de calidad habitacional.<\/p>\n<p>En ese sentido, el objetivo prima en que muchas familias chaque\u00f1as de escasos recursos y en situaciones de alta vulnerabilidad social puedan acceder a una vivienda digna, que es uno de los derechos m\u00e1s esenciales que debe promover un Estado presente, a trav\u00e9s de pol\u00edticas p\u00fablicas inclusivas.<\/p><\/div>\n","protected":false},"excerpt":{"rendered":"<p>\u201cMejor techo, mejor vida\u201d, alcanzar\u00e1 a familias chaque\u00f1as en situaci\u00f3n de vulnerabilidad, en donde se otorgar\u00e1n aportes de emergencia no reintegrables a quienes precisen mejorar su situaci\u00f3n de habitabilidad. La ministra de Desarrollo Social, Mar\u00eda P\u00eda Chiacchio Cavana, present\u00f3 en la ma\u00f1ana de este mi\u00e9rcoles, en el barrio Los Aromitos de Resistencia, el programa \u201cMejor [&hellip;]<\/p>\n","protected":false},"author":1,"featured_media":12396,"comment_status":"closed","ping_status":"closed","sticky":false,"template":"","format":"standard","meta":{"footnotes":""},"categories":[6],"tags":[],"class_list":{"0":"post-12395","1":"post","2":"type-post","3":"status-publish","4":"format-standard","5":"has-post-thumbnail","7":"category-chaco"},"_links":{"self":[{"href":"https:\/\/chacosintesis.com.ar\/index.php\/wp-json\/wp\/v2\/posts\/12395","targetHints":{"allow":["GET"]}}],"collection":[{"href":"https:\/\/chacosintesis.com.ar\/index.php\/wp-json\/wp\/v2\/posts"}],"about":[{"href":"https:\/\/chacosintesis.com.ar\/index.php\/wp-json\/wp\/v2\/types\/post"}],"author":[{"embeddable":true,"href":"https:\/\/chacosintesis.com.ar\/index.php\/wp-json\/wp\/v2\/users\/1"}],"replies":[{"embeddable":true,"href":"https:\/\/chacosintesis.com.ar\/index.php\/wp-json\/wp\/v2\/comments?post=12395"}],"version-history":[{"count":0,"href":"https:\/\/chacosintesis.com.ar\/index.php\/wp-json\/wp\/v2\/posts\/12395\/revisions"}],"wp:featuredmedia":[{"embeddable":true,"href":"https:\/\/chacosintesis.com.ar\/index.php\/wp-json\/wp\/v2\/media\/12396"}],"wp:attachment":[{"href":"https:\/\/chacosintesis.com.ar\/index.php\/wp-json\/wp\/v2\/media?parent=12395"}],"wp:term":[{"taxonomy":"category","embeddable":true,"href":"https:\/\/chacosintesis.com.ar\/index.php\/wp-json\/wp\/v2\/categories?post=12395"},{"taxonomy":"post_tag","embeddable":true,"href":"https:\/\/chacosintesis.com.ar\/index.php\/wp-json\/wp\/v2\/tags?post=12395"}],"curies":[{"name":"wp","href":"https:\/\/api.w.org\/{rel}","templated":true}]}}