{"id":12387,"date":"2021-10-20T08:37:02","date_gmt":"2021-10-20T11:37:02","guid":{"rendered":"https:\/\/chacosintesis.com.ar\/?p=12387"},"modified":"2021-10-20T08:38:51","modified_gmt":"2021-10-20T11:38:51","slug":"rodrigo-ocampo-queremos-ser-mayoria-para-garantizar-la-reactivacion-economica","status":"publish","type":"post","link":"https:\/\/chacosintesis.com.ar\/index.php\/rodrigo-ocampo-queremos-ser-mayoria-para-garantizar-la-reactivacion-economica\/","title":{"rendered":"Rodrigo Ocampo: \u201cQueremos ser mayoria para garantizar la reactivaci\u00f3n econ\u00f3mica"},"content":{"rendered":"<div dir=\"ltr\">El candidato a diputado provincial present\u00f3 las iniciativas del Frente de Todos en el debate pre-electoral establecido por la Ley 2113-Q y contrast\u00f3 las propuestas de la Lista 501 con las de los candidatos de las otras listas.<br \/>El candidato a diputado provincial por el Frente de Todos, Rodrigo Ocampo, particip\u00f3 del debate electoral realizado en Villa \u00c1ngela este martes 19 de octubre.\u00a0 Junto a los candidatos del Frente Integrador, Dar\u00edo Bacileff Ivanoff; del Partido Obrero Samantha Salas y de Chaco Cambia + Juntos por el Cambio, Leandro Zdero, Ocampo present\u00f3 las propuestas, iniciativas y pol\u00edticas p\u00fablicas que impulsar\u00e1 en caso de acceder a una banca en la Legislatura chaque\u00f1a.<\/p>\n<p>\u201cQueremos construir una mayor\u00eda legislativa que nos permita garantizar las bases para la reactivaci\u00f3n econ\u00f3mica. Tenemos que tener legisladores y legisladoras que est\u00e9n todos los d\u00edas trabajando para resolver los problemas del d\u00eda a d\u00eda de nuestra gente, porque queremos devolverle a la gente la posibilidad de planificar, de vivir de manera m\u00e1s organizada\u201d, destac\u00f3 Ocampo.<\/p>\n<p>Respecto al debate, el candidato remarc\u00f3 que \u201cvinimos a poner en valor nuestras ideas, escuchar a la ciudadan\u00eda y a nuestros opositores\u201d, detall\u00f3 Ocampo y asegur\u00f3 que \u201ces una elecci\u00f3n donde tenemos dos modelos marcados de provincia&quot;.<\/p>\n<p>El debate fue transmitido por Canal 9 y retransmitido en toda la provincia y se desarroll\u00f3 en torno a tres ejes tem\u00e1ticos: Desarrollo econ\u00f3mico, vinculado a producci\u00f3n, industria y ambiente; Desarrollo humano, abarcando temas como discapacidad, juventud y deporte, igualdad de g\u00e9nero y pueblos ind\u00edgenas; y Seguridad y Justicia, vinculado a calidad institucional, y pol\u00edticas anticorrupci\u00f3n.<\/p>\n<p>El debate p\u00fablico tiene como objetivo dar a conocer y debatir ante el electorado los programas de gobierno y legislativos de los partidos, frentes o agrupaciones pol\u00edticas, seg\u00fan lo establece la Ley 2113, para promover el acceso a la informaci\u00f3n de ciudadanas y ciudadanos. Se trata de una oportunidad para comunicar los ejes principales de las pol\u00edticas que cada candidato impulsar\u00e1.<\/p>\n<p>Dos modelos en disputa<\/p>\n<p>En su discurso, Ocampo asegur\u00f3 que existen dos modelos de provincia en disputa: uno que apuesta a los hechos y acciones concretas y otro que apuesta s\u00f3lo a las palabras. \u201cVamos a superar esta etapa tan dif\u00edcil que vivimos de la pandemia y revertir el da\u00f1o heredado por la etapa macrista. Por eso insistimos en la reactivaci\u00f3n de las obras, cada obra significa m\u00e1s chaque\u00f1os y chaque\u00f1as que pueden trabajar y llevar un salario digno a sus hogares\u201d manifest\u00f3 Ocampo.<\/p>\n<p>\u201cNo alcanza con hablar. Tenemos que focalizarnos en hechos concretos para poner ideas en acci\u00f3n y superar esta etapa todos unidos. Unir a trabajadores y trabajadores para construir el Chaco del futuro. Apostamos a la paz, la tranquilidad y al trabajo\u201d concluy\u00f3 Ocampo y agreg\u00f3: \u201cqueremos construir un Chaco basado en el empleo y en el trabajo y para eso tenemos que crecer\u201d. <\/p>\n<p>Desarrollo Econ\u00f3mico<\/p>\n<p>Sobre el primer eje, el candidato, Rodrigo Ocampo, destac\u00f3 la puesta en marcha el plan Chaco Reactiva, \u201cel plan m\u00e1s ambicioso de la provincia en materia de infraestructura con 50.000 millones de pesos que incluye a los 69 municipios y nos permite retomar las obras que hab\u00edan quedado inconclusas hasta 2019 como acueductos, rutas, viviendas, hospitales y toda la inversi\u00f3n que pudimos poner en marcha\u201d.<\/p>\n<p>A nivel laboral, Ocampo indic\u00f3 que \u201cson 10.000 cascos amarillos que hoy circulan en la provincia y nos permiten ir recuperando el empleo perdido durante el macrismo y la pandemia. Es la visi\u00f3n que tenemos. Potenciar el empleo en el sector privado y garantizar condiciones para la nueva etapa: potenciar el consumo, mejorar los salarios y recuperarnos despu\u00e9s de una etapa muy dif\u00edcil. Apoyarnos en la econom\u00eda real y productiva. Debemos romper la l\u00f3gica de la econom\u00eda macrista basada en la especulaci\u00f3n dejando afuera a trabajadores y trabajadoras, pensionados y jubilados. Hacia eso vamos. Para generar trabajo, cuidar salarios y seguir poniendo al Chaco de pie\u201d.<\/p>\n<p>En su derecho a r\u00e9plica, Ocampo dej\u00f3 en claro su postura en contra de la toma de deuda por parte del gobierno de Macri: \u201cNo convalidamos esa toma de deuda desmedida que se ha generado en la rep\u00fablica y que ha afectado a la provincia. Es una muestra de irresponsabilidad que nos afect\u00f3 a todos y todas. Han afectado la estructura econ\u00f3mica argentina y hoy significa ver c\u00f3mo hacemos para juntar peso por peso para pagar esa deuda\u201d.<\/p>\n<p>Desarrollo Humano<\/p>\n<p>En segundo lugar, Ocampo puso en valor el trabajo y el esfuerzo: \u201cEn la nueva etapa que se viene vamos a convertir planes sociales en trabajo. Hay que fortalecer el entrenamiento laboral y reconvertir el mercado laboral. Nuestros j\u00f3venes nos plantean que la principal problem\u00e1tica es la falta de empleo. Por eso, retomamos el Programa Progresar, en el que hay 45.000 j\u00f3venes incluidos como as\u00ed tambi\u00e9n Conectar Igualdad, tan importante para reducir la brecha digital\u201d.<\/p>\n<p>\u201cPara reducir la pobreza y transformar la provincia hay que garantizar los derechos sociales de todos y todas, sobre todo los que fueron cercenados en la etapa anterior\u201d, resalt\u00f3 Ocampo, y a\u00f1adi\u00f3: \u201cHay mucho por hacer pero somos un Gobierno que va a reconocer los derechos reconocidos por ley\u201d.<\/p>\n<p>Seguridad y Justicia<\/p>\n<p>En tercer t\u00e9rmino, el candidato destac\u00f3 el aumento del 63% para las fuerzas de seguridad. \u201cNo desconocemos las necesidades y las demandas, con hechos concretos y resultados hemos demostrado que hab\u00eda que priorizar el rol de la seguridad. Pusimos en valor el salario y el equipamiento. Pasamos de tener menos 500 patrulleros a 1.559 y hay que seguir invirtiendo\u201d, remarc\u00f3. <\/p>\n<p>Asimismo, Ocampo indic\u00f3 que el nuevo paradigma est\u00e1 basado en m\u00e1s tecnolog\u00eda y participaci\u00f3n ciudadana. \u201cNos parece fundamental trabajar por la reforma constitucional en la provincia. Es necesaria para renovar la pol\u00edtica y ser\u00eda mucho m\u00e1s f\u00e1cil si tuvi\u00e9ramos legisladores que vayan a trabajar. Leandro Zdero no va a trabajar y cuesta mucho tratar los temas importantes\u201d, apunt\u00f3.<\/p>\n<p>En su derecho a r\u00e9plica, Ocampo marc\u00f3 la necesidad de \u201cdiscutir en profundidad los mecanismos de protesta social. Debemos debatirlo, trabajarlo a fondo para resolverlo sin afectar el derecho a la protesta y garantizando el derecho a la libre circulaci\u00f3n. Y no lo vamos a resolver con represi\u00f3n, lo vamos a resolver con di\u00e1logo, instrumentando un nuevo mercado laboral que permita que quienes realmente tienen ganas de trabajar lo puedan hacer\u201d.<\/p>\n<p>\u201cPodemos hablar en profundidad porque con hechos concretos demostramos que somos distintos: no hicimos ninguna escucha ilegal, no pusimos jueces a dedo, no fuimos requeridos por la justicia federal. Puedo hablar sin ninguna mancha. Con mucho orgullo pertenezco a una nueva generaci\u00f3n que viene a reivindicar los valores de la democracia y la participaci\u00f3n\u201d, remarc\u00f3 Ocampo.<\/p>\n<div><\/div>\n<\/div>\n","protected":false},"excerpt":{"rendered":"<p>El candidato a diputado provincial present\u00f3 las iniciativas del Frente de Todos en el debate pre-electoral establecido por la Ley 2113-Q y contrast\u00f3 las propuestas de la Lista 501 con las de los candidatos de las otras listas.El candidato a diputado provincial por el Frente de Todos, Rodrigo Ocampo, particip\u00f3 del debate electoral realizado en [&hellip;]<\/p>\n","protected":false},"author":1,"featured_media":12388,"comment_status":"closed","ping_status":"closed","sticky":false,"template":"","format":"standard","meta":{"footnotes":""},"categories":[6],"tags":[],"class_list":{"0":"post-12387","1":"post","2":"type-post","3":"status-publish","4":"format-standard","5":"has-post-thumbnail","7":"category-chaco"},"_links":{"self":[{"href":"https:\/\/chacosintesis.com.ar\/index.php\/wp-json\/wp\/v2\/posts\/12387","targetHints":{"allow":["GET"]}}],"collection":[{"href":"https:\/\/chacosintesis.com.ar\/index.php\/wp-json\/wp\/v2\/posts"}],"about":[{"href":"https:\/\/chacosintesis.com.ar\/index.php\/wp-json\/wp\/v2\/types\/post"}],"author":[{"embeddable":true,"href":"https:\/\/chacosintesis.com.ar\/index.php\/wp-json\/wp\/v2\/users\/1"}],"replies":[{"embeddable":true,"href":"https:\/\/chacosintesis.com.ar\/index.php\/wp-json\/wp\/v2\/comments?post=12387"}],"version-history":[{"count":0,"href":"https:\/\/chacosintesis.com.ar\/index.php\/wp-json\/wp\/v2\/posts\/12387\/revisions"}],"wp:featuredmedia":[{"embeddable":true,"href":"https:\/\/chacosintesis.com.ar\/index.php\/wp-json\/wp\/v2\/media\/12388"}],"wp:attachment":[{"href":"https:\/\/chacosintesis.com.ar\/index.php\/wp-json\/wp\/v2\/media?parent=12387"}],"wp:term":[{"taxonomy":"category","embeddable":true,"href":"https:\/\/chacosintesis.com.ar\/index.php\/wp-json\/wp\/v2\/categories?post=12387"},{"taxonomy":"post_tag","embeddable":true,"href":"https:\/\/chacosintesis.com.ar\/index.php\/wp-json\/wp\/v2\/tags?post=12387"}],"curies":[{"name":"wp","href":"https:\/\/api.w.org\/{rel}","templated":true}]}}