{"id":12385,"date":"2021-10-20T08:29:54","date_gmt":"2021-10-20T11:29:54","guid":{"rendered":"https:\/\/chacosintesis.com.ar\/?p=12385"},"modified":"2021-10-20T08:38:50","modified_gmt":"2021-10-20T11:38:50","slug":"zdero-sobre-la-realidad-vine-a-hablar-yo-sobre-el-relato-hablaron-ellos","status":"publish","type":"post","link":"https:\/\/chacosintesis.com.ar\/index.php\/zdero-sobre-la-realidad-vine-a-hablar-yo-sobre-el-relato-hablaron-ellos\/","title":{"rendered":"Zdero: \u201cSobre la realidad vine a hablar yo, sobre el relato hablaron ellos&#8221;"},"content":{"rendered":"<div dir=\"ltr\">El diputado provincial Leandro Zdero particip\u00f3 esta noche del Debate pre- electoral en la ciudad de Villa \u00c1ngela. El legislador lleg\u00f3 al Hotel con una remera en apoyo al historietista Nik, quien d\u00edas pasados atraves\u00f3 un momento dif\u00edcil ante un mensaje intimidatorio de An\u00edbal Fern\u00e1ndez.<\/p>\n<p>En el mensaje inicial, Zdero expres\u00f3: \u201cEstoy ac\u00e1 por los docentes, polic\u00edas, empleados y jubilados condenados a vivir con salarios por debajo de la l\u00ednea de pobreza. Estoy ac\u00e1 por los comerciantes que se fundieron y los dejaron solos; por todo el personal de Salud, por eso miles de precarizados, por los padres, los alumnos y docentes que sostuvieron el sistema educativo mientras el ministerio estaba de cuarentena. Estoy ac\u00e1 por los productores que trabajan de sol a sol; por los j\u00f3venes y por los que no llegan a fin de mes. Vine a debatir el futuro de los chaque\u00f1os\u201d. \u00a0<\/p>\n<p>USTEDES ASESINARON EL CORAZ\u00d3N DE LOS MONTES CHAQUE\u00d1OS<\/p>\n<p>\u201cEn lo ambiental, ni hablar, no paran con los desmontes. Pasaron 14 a\u00f1os desde la Ley Nac. de Bosques y no hicieron nada; mientras nos ten\u00edan encerrados se llevaron puesto los montes chaque\u00f1os. Nuestros Parques Industriales est\u00e1n vac\u00edos con los yuyos altos, como ocurre aqu\u00ed, en Villa \u00c1ngela; por eso presentamos leyes como la reactivaci\u00f3n econ\u00f3mica y baja de tarifas que siguen sin aprobarse en la Legislatura porque no les interesa\u201d- a\u00f1adi\u00f3.<\/p>\n<p>VENGO CON PROPUESTAS Y NUNCA SE DEJAN AYUDAR<\/p>\n<p>\u201cSiempre acompa\u00f1amos al sector que produce, trabaja y genera empleo. Propiciamos la reactivaci\u00f3n econ\u00f3mica y la baja de tarifas. Con los j\u00f3venes propusimos generar oportunidades de una verdadera inclusi\u00f3n al trabajo, a tener un terreno, una vivienda, una obra social tan simple como la libertad. Sobre la problem\u00e1tica de g\u00e9nero no solamente la concientizaci\u00f3n sino en la prevenci\u00f3n y en la contenci\u00f3n de las v\u00edctimas. Para combatir el delito hay que actuar con todo el peso de la ley y proteger a las v\u00edctimas. Adem\u00e1s, los organismos de control deben estar en manos de la oposici\u00f3n no como hoy que son amigos del gobierno\u201d- concluy\u00f3 Zdero.<\/p>\n<div><\/p>\n<div><\/div>\n<\/div>\n<\/div>\n","protected":false},"excerpt":{"rendered":"<p>El diputado provincial Leandro Zdero particip\u00f3 esta noche del Debate pre- electoral en la ciudad de Villa \u00c1ngela. El legislador lleg\u00f3 al Hotel con una remera en apoyo al historietista Nik, quien d\u00edas pasados atraves\u00f3 un momento dif\u00edcil ante un mensaje intimidatorio de An\u00edbal Fern\u00e1ndez. En el mensaje inicial, Zdero expres\u00f3: \u201cEstoy ac\u00e1 por los [&hellip;]<\/p>\n","protected":false},"author":1,"featured_media":12386,"comment_status":"closed","ping_status":"closed","sticky":false,"template":"","format":"standard","meta":{"footnotes":""},"categories":[6],"tags":[],"class_list":{"0":"post-12385","1":"post","2":"type-post","3":"status-publish","4":"format-standard","5":"has-post-thumbnail","7":"category-chaco"},"_links":{"self":[{"href":"https:\/\/chacosintesis.com.ar\/index.php\/wp-json\/wp\/v2\/posts\/12385","targetHints":{"allow":["GET"]}}],"collection":[{"href":"https:\/\/chacosintesis.com.ar\/index.php\/wp-json\/wp\/v2\/posts"}],"about":[{"href":"https:\/\/chacosintesis.com.ar\/index.php\/wp-json\/wp\/v2\/types\/post"}],"author":[{"embeddable":true,"href":"https:\/\/chacosintesis.com.ar\/index.php\/wp-json\/wp\/v2\/users\/1"}],"replies":[{"embeddable":true,"href":"https:\/\/chacosintesis.com.ar\/index.php\/wp-json\/wp\/v2\/comments?post=12385"}],"version-history":[{"count":0,"href":"https:\/\/chacosintesis.com.ar\/index.php\/wp-json\/wp\/v2\/posts\/12385\/revisions"}],"wp:featuredmedia":[{"embeddable":true,"href":"https:\/\/chacosintesis.com.ar\/index.php\/wp-json\/wp\/v2\/media\/12386"}],"wp:attachment":[{"href":"https:\/\/chacosintesis.com.ar\/index.php\/wp-json\/wp\/v2\/media?parent=12385"}],"wp:term":[{"taxonomy":"category","embeddable":true,"href":"https:\/\/chacosintesis.com.ar\/index.php\/wp-json\/wp\/v2\/categories?post=12385"},{"taxonomy":"post_tag","embeddable":true,"href":"https:\/\/chacosintesis.com.ar\/index.php\/wp-json\/wp\/v2\/tags?post=12385"}],"curies":[{"name":"wp","href":"https:\/\/api.w.org\/{rel}","templated":true}]}}