{"id":12383,"date":"2021-10-20T08:23:47","date_gmt":"2021-10-20T11:23:47","guid":{"rendered":"https:\/\/chacosintesis.com.ar\/?p=12383"},"modified":"2021-10-20T08:38:49","modified_gmt":"2021-10-20T11:38:49","slug":"el-debate-de-los-principales-cuatro-candidatos-a-diputados-provinciales","status":"publish","type":"post","link":"https:\/\/chacosintesis.com.ar\/index.php\/el-debate-de-los-principales-cuatro-candidatos-a-diputados-provinciales\/","title":{"rendered":"El debate de los principales cuatro candidatos a diputados provinciales"},"content":{"rendered":"<div dir=\"ltr\">En Villa \u00c1ngela, candidatas y candidatos a la Legislatura provincial debatieron, ofreciendo propuestas en tres ejes tem\u00e1ticos: desarrollo econ\u00f3mico, desarrollo urbano, y seguridad y justicia.<\/p>\n<p>Leandro Zdero, por Chaco Cambia + Juntos por el Cambio; Rodrigo Ocampo, por el Frente de Todos -en reemplazo de Mariela Quir\u00f3s-; Dar\u00edo Bacileff Ivanoff, por el Frente Integrador; y Samanta Salas por el Partido Obrero protagonizaron esta noche, desde el Hotel Platinum de Villa \u00c1ngela, el debate preelectoral entre los principales candidatos a diputados provinciales en Chaco, con transmisi\u00f3n a trav\u00e9s de canal N9 Federal. Los tres ejes tem\u00e1ticos sobre los que expusieron propuestas e intercambiaron miradas fueron: desarrollo econ\u00f3mico, desarrollo urbano, y seguridad y justicia.<\/p>\n<p>La transmisi\u00f3n especial, llevada a cabo en conjunto con la Justicia Electoral del Chaco, comenz\u00f3 a las 20 con un \u201cPrevia&quot;, donde los candidatos fueron presentados y adelantaron algunos conceptos, bajo la conducci\u00f3n de los periodistas Nataly Sep\u00falveda y Guillermo Arrieta. Luego, los periodistas Marcelo Rubiolo y Johana Zabala fueron quienes condujeron el gran debate, moderado por Jorge Morello.<\/p>\n<p>Luego de la presentaci\u00f3n de los tres candidatos y la candidata a trav\u00e9s de videos, incluyendo una breve rese\u00f1a sobre sus trayectorias profesionales y pol\u00edticas, comenz\u00f3 la exposici\u00f3n de las propuestas, que repasamos de la siguiente manera:<\/p>\n<p>Desarrollo econ\u00f3mico<\/p>\n<p>Respecto al punto desarrollo econ\u00f3mico, producci\u00f3n, industria y ambiente, el candidato del Frente de Todos Chaco, Rodrigo Ocampo mencion\u00f3 las herramientas generadas desde la Naci\u00f3n y la provincia en tiempos de pandemia como el IFE, cr\u00e9ditos del Nuevo Banco del Chaco SA o la Tarjeta Tuya, entre otras: \u201cEs una etapa que obliga a tomar decisiones y es por eso que pusimos en marcha el plan Chaco Reactiva, el m\u00e1s ambicioso de la historia en materia de infraestructura con 50 mil millones d pesos que incluyen a los 69 municipios.. Son 10 mil cascos amarillos que hoy circulan por la provincia y que nos permiten ir recuperando los empleos perdidos durante el macrismo y en pandemia\u201d, mencion\u00f3 el candidato de 33 a\u00f1os.<\/p>\n<p>A su vez, ratific\u00f3 la visi\u00f3n de la coalici\u00f3n gobernante: \u201cLa visi\u00f3n que tenemos es potenciar el empleo en el sector privado, potenciar el consumo y mejorar el salario. Es una nueva visi\u00f3n que planteamos y es apoyarnos en la econom\u00eda real y la econom\u00eda productiva; romper la l\u00f3gica de la econom\u00eda macrista basada en la especulaci\u00f3n dejando fuera a trabajadores, jubilados y pensionados\u201d. \u201cA tiempos de la pandemia, le sucedemos con tiempo de recuperaci\u00f3n econ\u00f3mica para seguir poniendo al Chaco de pie\u201d, destac\u00f3.<\/p>\n<p>A su vez, se interrog\u00f3: \u201c\u00bfQu\u00e9 hizo Zdero, Polini, Carim Peche y Aida Ayala en tiempos de Macri con la econom\u00eda chaque\u00f1a y argentina?; \u00bfen qu\u00e9 contribuyeron? En nada y as\u00ed no fue\u201d, se respondi\u00f3. Y agreg\u00f3: \u201cNo convalidamos esa toma desmedida de duda que se ha tomado en el pa\u00eds y afect\u00f3 al Chaco. Esa deuda es la muestra de la irresponsabilidad: son unos irr.<\/p>\n<p>esponsables. Hoy para nosotros significa trabajar para juntar peso por peso y poder pagar esa deuda\u201d.<\/p>\n<p>Por su parte, el candidato de Chaco Cambia + Juntos por el Cambio, Leandro Zdero dej\u00f3 sus propuestas sobre el punto desarrollo econ\u00f3mico, producci\u00f3n, industria y ambiente: \u201cLa \u00fanica f\u00e1brica que crece ac\u00e1 es la de pobres. El 70% de los chaque\u00f1os est\u00e1 por debajo de la l\u00ednea de pobreza. Queremos estar al lado del que produce, trabaja y genera empleo. Este gobierno declar\u00f3 al campo como su enemigo. Queremos una alianza con el campo, acompa\u00f1\u00e1ndolo con una reactivaci\u00f3n\u201d, sentenci\u00f3. Y dijo: \u201cEsta provincia no tiene planificaci\u00f3n. En 15 a\u00f1os cambiaron cinco planes estrat\u00e9gicos. Pensamos que iban a entender el mensaje de la gente del 12 de septiembre y este modelo solamente ofrece preventas. Este gobierno fue el responsable del asesinato del monte chaque\u00f1o porque en esta provincia no hay controles\u201d.<\/p>\n<p>A su turno, el candidato Dar\u00edo Bacileff Ivanoff asegur\u00f3 que \u201cno hay desarrollo econ\u00f3mico en una provincia donde se mal administran los recursos del Estado\u201d. \u201cMensualmente vemos en notas de prensa al gobernador diciendo que hay super\u00e1vit fiscal, que sobran los recursos. Pero vemos que esos recursos no se vuelcan en nuestros trabajadores, y que, muy por el contrario, no se vuelcan en nuestros productores y empresarios. Hoy la pata estatal sigue aprisionando la cabeza de quienes aportan y contribuyen a la creaci\u00f3n de empleo genuino\u201d, sostuvo. \u00a0<\/p>\n<p>En esa l\u00ednea, agreg\u00f3: \u201cHoy tendr\u00edamos que estar discutiendo incentivos fiscales, promociones industriales, subsidios y cr\u00e9ditos para que se radiquen industrias y se generen empleos. Muy por el contrario, esa mala administraci\u00f3n que apuesta al clientelismo. M\u00e1s de la mitad de los recursos de los argentinos y de los chaque\u00f1os se va en planes sociales y a subsidiar la pobreza. No decimos que no se ayude al que menos tiene, muy por el contrario, pero esa ayuda no s\u00f3lo debe detenerse ah\u00ed sino apostar a m\u00e1s educaci\u00f3n, a generaci\u00f3n de empleo y oficios, a la posibilidad de darle m\u00e1s seguridad jur\u00eddica, financiera y econ\u00f3mica a inversores\u201d. \u201cEsos temas debemos estar discutiendo, pero esa mala administraci\u00f3n hace que la mitad del presupuesto provincial se vaya en clientelismo pol\u00edtico. Contra eso tenemos que luchar\u201d.<\/p>\n<p>Samanta Salas \u2013que llev\u00f3 un lazo negro visibilizando el \u00faltimo femicidio ocurrido en la provincia-, al exponer el primer tema sobre desarrollo econ\u00f3mico, indic\u00f3: \u201cMe encantar\u00eda vivir en la provincia de los mejores salarios donde vive Rodrigo Ocampo. Vivo en el Chaco, soy docente y para nada tenemos mejores salarios\u201d.<\/p>\n<p>\u201cTenemos un sistema productivo que est\u00e1 basado en el desmonte, en la siembra de soja y en los agrot\u00f3xicos. Este sistema es defendido por radicales y peronistas hace m\u00e1s de 30 a\u00f1os. A eso se debe la destrucci\u00f3n ambiental. Este sistema productivo es altamente contaminante. Sufrimos las consecuencias en ni\u00f1os con c\u00e1ncer, con malformaciones de nacimiento, y lo vemos en los abortos espont\u00e1neos. Quiz\u00e1s aqu\u00ed se quiere ignorar que esto es causa de la riega de agrot\u00f3xicos. Las comunidades originarias son las primeras afectadas\u201d<\/p>\n<p>\u201cEvidentemente tenemos un sistema productivo que ha fracasado, no podemos privilegiar arrasar con los montes del Chaco y de la Argentina como un modo supuestamente viable de producci\u00f3n, aunque no trajo empleo la soja ni tampoco las granjas porcinas como dice Capitanich. Despu\u00e9s vamos a ver las consecuencias con grandes per\u00edodos de sequias e inundaciones, y vamos a continuar con la pobreza\u201d.<\/p>\n<p>\u201cCon el Partido Obrero presentamos un proyecto para el pase a planta, para tener un salario igual al valor de la canasta familiar. Y tambi\u00e9n para frenar los desmontes, que ser\u00eda bueno que se vote (en la legislatura)\u201d, cerr\u00f3.<\/p>\n<p>\u00a0<\/p>\n<p>Desarrollo humano<\/p>\n<p>\u00a0<\/p>\n<p>En el \u00edtem desarrollo humano, Ocampo propuso \u201cponer en valor el esfuerzo\u201d. \u201cVamos a convertir planes sociales en trabajo. Hay que reconvertir el mercado laboral de cara a la etapa que se viene. Tenemos en claro que el empleo es la \u00fanica salida, fundamentalmente para nuestros j\u00f3venes. Vamos a seguir apostando a la construcci\u00f3n del sue\u00f1o de la casa propia\u201d, ponder\u00f3. Y se interrog\u00f3 nuevamente: \u201cLe pregunt\u00f3 a los chaque\u00f1os: \u00bfpueden hablar de desarrollo humano los que prometieron pobreza cero en la Argentina? Son unos insensibles y unos irrespetuosos cuando hablan de la pandemia. Fueron los mismos que desjerarquizaron el Ministerio de Salud, los mismos que prometieron tantas cosas como que los j\u00f3venes iban a tener las mismas oportunidades hasta 2015 y despu\u00e9s cortaron varios programas como Igualdad o Progresar\u201d. \u201cTenemos en claro que hay mucho por hacer, pero tenemos que hablar con la verdad y somos un gobierno que vamos a reconocer los derechos de todas y de todos\u201d, concluyo al respecto.<\/p>\n<p>A su turno, Zdero dej\u00f3 sus impresiones sobre desarrollo humano: \u201cSin escuelas y sin pol\u00edticas que incentiven el trabajo, la inclusi\u00f3n, la salud, la diversidad y los servicios de calidad, no hay desarrollo humano psible en la provincia\u201d, dijo. Y agreg\u00f3: \u201cTenemos una deuda con la vida humana, con la discapacidad, con ciudades que no son accesibles. Tenemos una deuda para incluir y tenemos una deuda con los j\u00f3venes que no tiene oportunidades. Y tenemos una deuda con la vida: el Chaco est\u00e1 en el tercer puesto de femicidios en el pa\u00eds. Si esto no nos hace sentir o no nos compromete, \u00bfqu\u00e9 tipo de sociedad tenemos?\u201d.<\/p>\n<p>\u201cSi el Estado no funciona ni los servicios p\u00fablicos, no podemos hablar de desarrollo humano\u201d, dijo a su turno Bacileff Ivanoff, quien plante\u00f3 que \u201cla salud p\u00fablica se encuentra en una situaci\u00f3n muy preocupante, como dec\u00eda Leandro (Zdero)\u201d, colocando como ejemplo que \u201cse enyes\u00f3 la pierna de una persona con un cart\u00f3n, hay cientos de puestos sanitarios cerrados en zonas rurales, que no tienen insumos ni medicamentos\u201d. \u201cEn el sudoeste, todos nos dicen que, si ten\u00e9s fiebre te derivan a S\u00e1enz Pe\u00f1a\u201d, agreg\u00f3.<\/p>\n<p>El candidato del Frente Integrador sostuvo que \u201cen educaci\u00f3n no se cumple con los d\u00edas de clase ni con el m\u00e9rito y la carrera docente\u201d. \u201cUna de las grandes cr\u00edticas que hacemos al actual gobierno: por un lado, tiene capacidad de gesti\u00f3n y de traer obra p\u00fablica a la provincia, pero, por otro lado, se olvid\u00f3 de trabajar con la gente, le falta humanizar la pol\u00edtica, le falta preocuparse y garantizar que funciones como corresponda una repartici\u00f3n p\u00fablica\u201d. En ese orden, acot\u00f3: \u201cPlanteamos que la inversi\u00f3n de nuestros impuestos vaya en la posibilidad de facilitar el desenvolvimiento de los servicios, para que el Estado est\u00e9 presente y le haga a cada uno de los chaque\u00f1os la vida m\u00e1s f\u00e1cil\u201d.<\/p>\n<p>Al iniciar su intervenci\u00f3n en el tema desarrollo humano, la candidata del Partido Obrero denunci\u00f3 que en Puerto Tirol un docente que se manifestaba durante una actividad oficial \u201cfue apresado por la polic\u00eda de Capitanich\u201d. \u201cReclamo su urgente liberaci\u00f3n porque s\u00f3lo estaban reclamando un salario igual a la canasta familiar\u201d, resalt\u00f3, y plante\u00f3 adem\u00e1s que el gobierno \u201cpague la deuda de la cl\u00e1usula gatillo que deben desde 2020\u201d.<\/p>\n<p>En el desarrollo de sus propuestas, Samanta Salas asegur\u00f3 que \u201cde los femicidios, travesticidios y de la violencia de g\u00e9nero, el Estado es enteramente responsable\u201d. \u201cSe han creado ministerios de g\u00e9nero y secretarias de g\u00e9nero que no han servido m\u00e1s que para seguir la precarizaci\u00f3n laboral\u201d, se\u00f1al\u00f3.<\/p>\n<p>Advirti\u00f3 que \u201cel 70% de la poblaci\u00f3n m\u00e1s pobre del Chaco lo componen mujeres.\u00a0 El gobierno de Capitanich, los gobiernos anteriores y las fuerzas pol\u00edticas del macrismo, no hicieron nada, s\u00f3lo continuaron la precarizaci\u00f3n, los femicidios y la violencia de g\u00e9nero\u201d.<\/p>\n<p>En torno a las propuestas, plante\u00f3 la creaci\u00f3n de \u201cun consejo aut\u00f3nomo de la mujer, con representantes electas por mujeres y por las diversidades, con capacidad de revocar a los jueces de sus funciones, y tambi\u00e9n para llevar la contenci\u00f3n con centros de asistencia a las v\u00edctimas de violencia cada 10 mil habitantes. Por supuesto, tambi\u00e9n estamos a favor de la separaci\u00f3n de la iglesia y del Estado, y de la efectiva aplicaci\u00f3n de la Educaci\u00f3n Sexual Integral\u201d.<\/p>\n<p>\u00a0<\/p>\n<p>Seguridad y justicia<\/p>\n<p>En el bloque final de seguridad y justicia, la candidata del Partido Obrero dijo que \u201clos partidos que acompa\u00f1an este debate co-gobernaron la provincia en los \u00faltimos 40 a\u00f1os y, por lo tanto, son autores de los hechos corrupci\u00f3n\u201d. \u201cTenemos al 60% de la poblaci\u00f3n bajo la l\u00ednea de pobreza. Quiere decir que hay ni\u00f1os y ni\u00f1as que esta noche ir\u00e1n a dormir sin comer. Tenemos un r\u00e9gimen de hambre e impunidad que est\u00e1 garantizado desde el Estado. Y as\u00ed qued\u00f3 garantizado en la causa \u2018No me olvides\u2019, donde los amigos de Capitanich regenteaban redes de trata de personas, prostituyendo a becadas de Desarrollo Social\u201d, dijo Samanta Salas.<\/p>\n<p>Luego, volvi\u00f3 a plantear la necesidad de equivalencia entre el salario y la canasta b\u00e1sica. Y sigui\u00f3: \u201cTenemos ac\u00e1 al ex presidente de la Legislatura, Bacileff Ivanoff, que lo \u00fanico que quiere es repartir garrote para continuar con el ajuste, como lo hizo su padre cuando acompa\u00f1\u00f3 las dos gestiones del actual gobernador Capitanich. A los primeros que reprimieron cuando reclamaban por salarios fueron a los docentes, a estatales y a precarizados. Vienen con una propuesta que ya practicaron. En eso se basan sus experiencias y debemos darle fin a todo este sistema de ajuste que solamente nos trajo pobreza, corrupci\u00f3n y destrucci\u00f3n a toda la clase trabajadora\u201d.<\/p>\n<p>Zdero, en tanto, dijo: \u201cCreemos que hay que cuidar y estar al lado de la v\u00edctima. La fuerza tiene p\u00e9simo salario y hace dos a\u00f1os no hay ingreso a la polic\u00eda. Hay que ir por las bandas narcos y hacer foco en la prevenci\u00f3n\u201d. \u201cHay que frenar la droga y tambi\u00e9n los piquetes: esto se terina poniendo orden, con una decisi\u00f3n pol\u00edtica. En esta provincia hace falta orden, porque sobra inmoralidad\u201d, cerr\u00f3.<\/p>\n<p>Ocampo se refiri\u00f3 al 63% de aumento en los salarios a las fuerzas de seguridad: \u201cHemos demostrado que hab\u00eda que priorizar el rol de la seguridad en esta etapa. Seguimos invirtiendo en m\u00e1s equipamiento. Hoy tenemos 1459 patrulleros y hay que seguir invirtiendo en equipamiento con mayor participaci\u00f3n ciudadana\u201d, dijo. \u201cCuando hablamos de calidad institucional ser\u00eda bueno trabajar sobre la reforma constitucional en el Chaco.\u00a0 Ser\u00eda m\u00e1s f\u00e1cil si tenemos legisladores que fueran a trabajar: Leandro Zdero no va a trabajar, como tanto otros legisladores y cuesta mucho tratar temas fundamentales\u201d, cerr\u00f3 el candidato del Frente de Todos Chaco.<\/p>\n<p>Bacileff Ivanoff plante\u00f3 que la provincia vive \u201cuna situaci\u00f3n de anarqu\u00eda y de crisis institucional, con cuatro causas de lavado en la justicia federal que salpicaron a cuanto pol\u00edtico se cruz\u00f3 por delante, sin distinci\u00f3n de bander\u00edas pol\u00edticas\u201d. Defini\u00f3 as\u00ed a esa \u201csituaci\u00f3n judicial\u201d como \u201cmuy grave\u201d. \u201cLos que pregonan y militan para llegar a un cargo institucional, militan con la anarqu\u00eda. Pero tambi\u00e9n los partidos tradicionales son funcionales a ello, son socios\u201d, afirm\u00f3.<\/p>\n<p>En esa l\u00ednea plante\u00f3 lo que ocurre en la Legislatura chaque\u00f1a, donde \u201cconsuetudinariamente todos los mi\u00e9rcoles se legitiman usurpaciones, sin pagar indemnizaci\u00f3n, sin estudio ni informe. Le mandan en una carilla livianamente una suspensi\u00f3n de desalojo a un fiscal y a jueces, ante el il\u00edcito\u201d.<\/p>\n<p>Por \u00faltimo, en cuanto a cortes de calles, record\u00f3 que fue \u201cel \u00fanico legislador en la historia de la provincia del Chaco que despach\u00f3 la ley antipiquetes\u201d.<\/p>\n<p><\/div>\n","protected":false},"excerpt":{"rendered":"<p>En Villa \u00c1ngela, candidatas y candidatos a la Legislatura provincial debatieron, ofreciendo propuestas en tres ejes tem\u00e1ticos: desarrollo econ\u00f3mico, desarrollo urbano, y seguridad y justicia. Leandro Zdero, por Chaco Cambia + Juntos por el Cambio; Rodrigo Ocampo, por el Frente de Todos -en reemplazo de Mariela Quir\u00f3s-; Dar\u00edo Bacileff Ivanoff, por el Frente Integrador; y [&hellip;]<\/p>\n","protected":false},"author":1,"featured_media":12384,"comment_status":"closed","ping_status":"closed","sticky":false,"template":"","format":"standard","meta":{"footnotes":""},"categories":[6],"tags":[],"class_list":{"0":"post-12383","1":"post","2":"type-post","3":"status-publish","4":"format-standard","5":"has-post-thumbnail","7":"category-chaco"},"_links":{"self":[{"href":"https:\/\/chacosintesis.com.ar\/index.php\/wp-json\/wp\/v2\/posts\/12383","targetHints":{"allow":["GET"]}}],"collection":[{"href":"https:\/\/chacosintesis.com.ar\/index.php\/wp-json\/wp\/v2\/posts"}],"about":[{"href":"https:\/\/chacosintesis.com.ar\/index.php\/wp-json\/wp\/v2\/types\/post"}],"author":[{"embeddable":true,"href":"https:\/\/chacosintesis.com.ar\/index.php\/wp-json\/wp\/v2\/users\/1"}],"replies":[{"embeddable":true,"href":"https:\/\/chacosintesis.com.ar\/index.php\/wp-json\/wp\/v2\/comments?post=12383"}],"version-history":[{"count":0,"href":"https:\/\/chacosintesis.com.ar\/index.php\/wp-json\/wp\/v2\/posts\/12383\/revisions"}],"wp:featuredmedia":[{"embeddable":true,"href":"https:\/\/chacosintesis.com.ar\/index.php\/wp-json\/wp\/v2\/media\/12384"}],"wp:attachment":[{"href":"https:\/\/chacosintesis.com.ar\/index.php\/wp-json\/wp\/v2\/media?parent=12383"}],"wp:term":[{"taxonomy":"category","embeddable":true,"href":"https:\/\/chacosintesis.com.ar\/index.php\/wp-json\/wp\/v2\/categories?post=12383"},{"taxonomy":"post_tag","embeddable":true,"href":"https:\/\/chacosintesis.com.ar\/index.php\/wp-json\/wp\/v2\/tags?post=12383"}],"curies":[{"name":"wp","href":"https:\/\/api.w.org\/{rel}","templated":true}]}}