{"id":12367,"date":"2021-10-18T19:39:02","date_gmt":"2021-10-18T22:39:02","guid":{"rendered":"https:\/\/chacosintesis.com.ar\/?p=12367"},"modified":"2021-10-18T20:08:29","modified_gmt":"2021-10-18T23:08:29","slug":"rodrigo-ocampo-representara-al-frente-de-todos-en-el-debate-pre-electoral","status":"publish","type":"post","link":"https:\/\/chacosintesis.com.ar\/index.php\/rodrigo-ocampo-representara-al-frente-de-todos-en-el-debate-pre-electoral\/","title":{"rendered":"Rodrigo Ocampo representar\u00e1 al Frente de Todos en el debate pre-electoral"},"content":{"rendered":"<div dir=\"ltr\">El candidato a diputado provincial presentar\u00e1 las propuestas legislativas y debatir\u00e1 con las y los candidatos de las otras listas. \u00a0\u201cNuestra intenci\u00f3n es presentar los mejores argumentos para que desde el Frente de Todos podamos construir una mayor\u00eda ciudadana de cara al pr\u00f3ximo 14 de noviembre\u201d, expres\u00f3 Ocampo. Se transmitir\u00e1 por Canal 9, desde las 21.<\/p>\n<p>El candidato a diputado provincial del Frente de Todos, Rodrigo Ocampo, participar\u00e1 este martes 19 de octubre del debate pre-electoral establecido por la Ley 2113-Q en el marco de las elecciones generales del pr\u00f3ximo 14 de noviembre. El encuentro ser\u00e1 desde las 21 horas en el Platinum Hotel Casino de la localidad de Villa \u00c1ngela, y ser\u00e1 retransmitido por Canal 9 de Resistencia.<\/p>\n<p>\u201cEl debate servir\u00e1 para reflejar cu\u00e1l es el modelo econ\u00f3mico que le permiti\u00f3 a la provincia del Chaco seguir avanzando incluso con una pandemia de por medio. Nuestra intenci\u00f3n es presentar los mejores argumentos para que desde el Frente de Todos podamos construir una mayor\u00eda ciudadana de cara al pr\u00f3ximo 14 de noviembre\u201d, asegur\u00f3 el candidato.<\/p>\n<p>Ocampo presentar\u00e1 las propuestas e iniciativas del Frente de Todos y contrastar\u00e1 sus propuestas con las y los candidatos de la alianza Chaco cambia + Juntos por el Cambio, el Frente Integrador y el Partido del Obrero. \u201cLas y los ciudadanos podr\u00e1n confirmar cu\u00e1les son nuestras propuestas y nuestra visi\u00f3n para resolver los problemas m\u00e1s acuciantes de la provincia. Nuestra prioridad es acelerar la reactivaci\u00f3n econ\u00f3mica y garantizar mejores condiciones de vida para nuestro pueblo. Se trata de convertir ideas en acci\u00f3n\u201d, remarc\u00f3 el ex secretario de Municipios.<\/p>\n<p>La iniciativa, tiene como objetivo &quot;dar a conocer y debatir ante el electorado los programas de gobierno y legislativos de los partidos, frentes o agrupaciones pol\u00edticas&quot;, seg\u00fan lo establece la Ley 2113, para promover el acceso a la informaci\u00f3n de ciudadanas y ciudadanos. Se trata de una oportunidad para comunicar los ejes principales de las pol\u00edticas que cada candidato impulsar\u00e1 en caso de acceder a una banca en la Legislatura provincial. Cabe aclarar que estaba previsto contar con la participaci\u00f3n de la candidata Mariela Quir\u00f3s, quien no podr\u00e1 participar debido a que se encuentra atravesando una dif\u00edcil situaci\u00f3n familiar tras el fallecimiento de su abuela.<\/p>\n<p>Previamente, el Tribunal Electoral de la provincia del Chaco, a trav\u00e9s de la Resoluci\u00f3n N\u00ba 121\/21 asign\u00f3 la transmisi\u00f3n del debate p\u00fablico a Canal Nueve Imagen del Nordeste TV Resistencia S.A, en el marco de la Ley provincial N\u00b0 2113-Q que establece la obligatoriedad de los debates en vivo. Tambi\u00e9n fue aprobado el reglamento que regir\u00e1 el debate por Resoluci\u00f3n N\u00b0 113\/21.<\/p><\/div>\n","protected":false},"excerpt":{"rendered":"<p>El candidato a diputado provincial presentar\u00e1 las propuestas legislativas y debatir\u00e1 con las y los candidatos de las otras listas. \u00a0\u201cNuestra intenci\u00f3n es presentar los mejores argumentos para que desde el Frente de Todos podamos construir una mayor\u00eda ciudadana de cara al pr\u00f3ximo 14 de noviembre\u201d, expres\u00f3 Ocampo. Se transmitir\u00e1 por Canal 9, desde las [&hellip;]<\/p>\n","protected":false},"author":1,"featured_media":12368,"comment_status":"closed","ping_status":"closed","sticky":false,"template":"","format":"standard","meta":{"footnotes":""},"categories":[6],"tags":[],"class_list":{"0":"post-12367","1":"post","2":"type-post","3":"status-publish","4":"format-standard","5":"has-post-thumbnail","7":"category-chaco"},"_links":{"self":[{"href":"https:\/\/chacosintesis.com.ar\/index.php\/wp-json\/wp\/v2\/posts\/12367","targetHints":{"allow":["GET"]}}],"collection":[{"href":"https:\/\/chacosintesis.com.ar\/index.php\/wp-json\/wp\/v2\/posts"}],"about":[{"href":"https:\/\/chacosintesis.com.ar\/index.php\/wp-json\/wp\/v2\/types\/post"}],"author":[{"embeddable":true,"href":"https:\/\/chacosintesis.com.ar\/index.php\/wp-json\/wp\/v2\/users\/1"}],"replies":[{"embeddable":true,"href":"https:\/\/chacosintesis.com.ar\/index.php\/wp-json\/wp\/v2\/comments?post=12367"}],"version-history":[{"count":0,"href":"https:\/\/chacosintesis.com.ar\/index.php\/wp-json\/wp\/v2\/posts\/12367\/revisions"}],"wp:featuredmedia":[{"embeddable":true,"href":"https:\/\/chacosintesis.com.ar\/index.php\/wp-json\/wp\/v2\/media\/12368"}],"wp:attachment":[{"href":"https:\/\/chacosintesis.com.ar\/index.php\/wp-json\/wp\/v2\/media?parent=12367"}],"wp:term":[{"taxonomy":"category","embeddable":true,"href":"https:\/\/chacosintesis.com.ar\/index.php\/wp-json\/wp\/v2\/categories?post=12367"},{"taxonomy":"post_tag","embeddable":true,"href":"https:\/\/chacosintesis.com.ar\/index.php\/wp-json\/wp\/v2\/tags?post=12367"}],"curies":[{"name":"wp","href":"https:\/\/api.w.org\/{rel}","templated":true}]}}