{"id":12361,"date":"2021-10-17T22:39:29","date_gmt":"2021-10-18T01:39:29","guid":{"rendered":"https:\/\/chacosintesis.com.ar\/?p=12361"},"modified":"2021-10-17T23:07:08","modified_gmt":"2021-10-18T02:07:08","slug":"la-montenegrina-murio-al-volcar-con-la-camioneta-en-la-que-viajaban","status":"publish","type":"post","link":"https:\/\/chacosintesis.com.ar\/index.php\/la-montenegrina-murio-al-volcar-con-la-camioneta-en-la-que-viajaban\/","title":{"rendered":"La Montenegrina: Muri\u00f3 al volcar con la camioneta en la que viajaban"},"content":{"rendered":"<div dir=\"ltr\">El deceso fue informado por la comisar\u00eda de Corzuela. El siniestro fatal sucedi\u00f3 este domingo a la ma\u00f1ana en la ruta provincial N\u00b020, en un tramo situado entre Pampa Alsina y La Montenegrina. Por el hecho perdi\u00f3 la vida Maximiliano Ben\u00edtez (26), oriundo de Corzuela.<\/p>\n<p>Por causas que a\u00fan se desconocen el fatal despiste sucedi\u00f3 a las 10.50, seg\u00fan informaron fuentes policiales. Los ocupantes del veh\u00edculo Toyota Hilux eran dos hombres y una mujer, siendo el conductor qui\u00e9n perdi\u00f3 la vida a consecuencia del siniestro. <\/p>\n<p>En tanto, los acompa\u00f1antes fueron trasladados el hospital de Corzuela, con notorias lesiones. Trabajan en el lugar peritos judiciales y el m\u00e9dico forense. <\/p>\n<div><\/div>\n<div><\/div>\n<\/div>\n","protected":false},"excerpt":{"rendered":"<p>El deceso fue informado por la comisar\u00eda de Corzuela. El siniestro fatal sucedi\u00f3 este domingo a la ma\u00f1ana en la ruta provincial N\u00b020, en un tramo situado entre Pampa Alsina y La Montenegrina. Por el hecho perdi\u00f3 la vida Maximiliano Ben\u00edtez (26), oriundo de Corzuela. Por causas que a\u00fan se desconocen el fatal despiste sucedi\u00f3 [&hellip;]<\/p>\n","protected":false},"author":1,"featured_media":12362,"comment_status":"closed","ping_status":"closed","sticky":false,"template":"","format":"standard","meta":{"footnotes":""},"categories":[6],"tags":[60],"class_list":{"0":"post-12361","1":"post","2":"type-post","3":"status-publish","4":"format-standard","5":"has-post-thumbnail","7":"category-chaco","8":"tag-featured"},"_links":{"self":[{"href":"https:\/\/chacosintesis.com.ar\/index.php\/wp-json\/wp\/v2\/posts\/12361","targetHints":{"allow":["GET"]}}],"collection":[{"href":"https:\/\/chacosintesis.com.ar\/index.php\/wp-json\/wp\/v2\/posts"}],"about":[{"href":"https:\/\/chacosintesis.com.ar\/index.php\/wp-json\/wp\/v2\/types\/post"}],"author":[{"embeddable":true,"href":"https:\/\/chacosintesis.com.ar\/index.php\/wp-json\/wp\/v2\/users\/1"}],"replies":[{"embeddable":true,"href":"https:\/\/chacosintesis.com.ar\/index.php\/wp-json\/wp\/v2\/comments?post=12361"}],"version-history":[{"count":0,"href":"https:\/\/chacosintesis.com.ar\/index.php\/wp-json\/wp\/v2\/posts\/12361\/revisions"}],"wp:featuredmedia":[{"embeddable":true,"href":"https:\/\/chacosintesis.com.ar\/index.php\/wp-json\/wp\/v2\/media\/12362"}],"wp:attachment":[{"href":"https:\/\/chacosintesis.com.ar\/index.php\/wp-json\/wp\/v2\/media?parent=12361"}],"wp:term":[{"taxonomy":"category","embeddable":true,"href":"https:\/\/chacosintesis.com.ar\/index.php\/wp-json\/wp\/v2\/categories?post=12361"},{"taxonomy":"post_tag","embeddable":true,"href":"https:\/\/chacosintesis.com.ar\/index.php\/wp-json\/wp\/v2\/tags?post=12361"}],"curies":[{"name":"wp","href":"https:\/\/api.w.org\/{rel}","templated":true}]}}