{"id":12355,"date":"2021-10-15T22:45:38","date_gmt":"2021-10-16T01:45:38","guid":{"rendered":"https:\/\/chacosintesis.com.ar\/?p=12355"},"modified":"2021-10-15T23:06:59","modified_gmt":"2021-10-16T02:06:59","slug":"enfrentamiento-de-bandas-narco-en-saenz-pena-los-dos-detenidos-recuperaron-su-libertad-bajo-fianza","status":"publish","type":"post","link":"https:\/\/chacosintesis.com.ar\/index.php\/enfrentamiento-de-bandas-narco-en-saenz-pena-los-dos-detenidos-recuperaron-su-libertad-bajo-fianza\/","title":{"rendered":"Enfrentamiento de &#8220;bandas narco&#8221; en S\u00e1enz Pe\u00f1a: los dos detenidos recuperaron su libertad bajo fianza"},"content":{"rendered":"<div dir=\"ltr\">Este viernes recuperaron su libertad bajo fianza las dos personas detenidas en el marco de la investigaci\u00f3n por los enfrentamientos narcos ocurridos semanas atr\u00e1s en la ciudad de S\u00e1enz Pe\u00f1a. <br \/>\u00a0<br \/>Por el hecho no hubo denuncias, pero si personas heridas con arma de fuego y tambi\u00e9n bienes (veh\u00edculos y viviendas) alcanzadas por proyectiles del arma. <br \/>\u00a0<br \/>Ante los sucesivos casos el fiscal Marcelo Soto actu\u00f3 de oficio e inici\u00f3 una investigaci\u00f3n al respecto, sin embargo, no pudo avanzar mucho m\u00e1s, ya que no hubo denuncias y las personas damnificadas se abstuvieron de prestar declaraci\u00f3n.<br \/>\u00a0<br \/>De igual manera, con los pocos datos recabados por la Polic\u00eda se llevaron a cabo una serie de allanamientos en distintos puntos de la ciudad. Seg\u00fan el fiscal en algunos de estos se pudo secuestrar alrededor de 6 kilos de droga entre marihuana y coca\u00edna. <br \/>Adem\u00e1s, por el caso hasta ayer hab\u00eda dos personas detenidas, a una de ellas el fiscal le hab\u00eda imputado el delito de intimidaci\u00f3n p\u00fablica, abuso de armas y lesiones, mientras que al otro el delito de encubrimiento.<br \/>\u00a0<br \/>&quot;Avanzamos hasta donde nos permiti\u00f3 la investigaci\u00f3n, con los materiales recolectados, pero mucho mas no podemos hacer&quot;, dijo el fiscal Marcelo Soto al ser consultado al respecto y en tal sentido se\u00f1al\u00f3 que ambos detenidos en esa causa fueron puesto en libertad en la jornada de este viernes bajo fianza.<\/p>\n<div>DIARIO CHACO.-<\/div>\n<div><\/div>\n<\/div>\n","protected":false},"excerpt":{"rendered":"<p>Este viernes recuperaron su libertad bajo fianza las dos personas detenidas en el marco de la investigaci\u00f3n por los enfrentamientos narcos ocurridos semanas atr\u00e1s en la ciudad de S\u00e1enz Pe\u00f1a. \u00a0Por el hecho no hubo denuncias, pero si personas heridas con arma de fuego y tambi\u00e9n bienes (veh\u00edculos y viviendas) alcanzadas por proyectiles del arma. [&hellip;]<\/p>\n","protected":false},"author":1,"featured_media":12356,"comment_status":"closed","ping_status":"closed","sticky":false,"template":"","format":"standard","meta":{"footnotes":""},"categories":[6],"tags":[60],"class_list":{"0":"post-12355","1":"post","2":"type-post","3":"status-publish","4":"format-standard","5":"has-post-thumbnail","7":"category-chaco","8":"tag-featured"},"_links":{"self":[{"href":"https:\/\/chacosintesis.com.ar\/index.php\/wp-json\/wp\/v2\/posts\/12355","targetHints":{"allow":["GET"]}}],"collection":[{"href":"https:\/\/chacosintesis.com.ar\/index.php\/wp-json\/wp\/v2\/posts"}],"about":[{"href":"https:\/\/chacosintesis.com.ar\/index.php\/wp-json\/wp\/v2\/types\/post"}],"author":[{"embeddable":true,"href":"https:\/\/chacosintesis.com.ar\/index.php\/wp-json\/wp\/v2\/users\/1"}],"replies":[{"embeddable":true,"href":"https:\/\/chacosintesis.com.ar\/index.php\/wp-json\/wp\/v2\/comments?post=12355"}],"version-history":[{"count":0,"href":"https:\/\/chacosintesis.com.ar\/index.php\/wp-json\/wp\/v2\/posts\/12355\/revisions"}],"wp:featuredmedia":[{"embeddable":true,"href":"https:\/\/chacosintesis.com.ar\/index.php\/wp-json\/wp\/v2\/media\/12356"}],"wp:attachment":[{"href":"https:\/\/chacosintesis.com.ar\/index.php\/wp-json\/wp\/v2\/media?parent=12355"}],"wp:term":[{"taxonomy":"category","embeddable":true,"href":"https:\/\/chacosintesis.com.ar\/index.php\/wp-json\/wp\/v2\/categories?post=12355"},{"taxonomy":"post_tag","embeddable":true,"href":"https:\/\/chacosintesis.com.ar\/index.php\/wp-json\/wp\/v2\/tags?post=12355"}],"curies":[{"name":"wp","href":"https:\/\/api.w.org\/{rel}","templated":true}]}}