{"id":123522,"date":"2025-09-23T11:07:26","date_gmt":"2025-09-23T14:07:26","guid":{"rendered":"https:\/\/chacosintesis.com.ar\/index.php\/carmen-barbieri-conto-que-le-dijo-fede-bal-sobre-sus-infames-chats-con-estefi-berardi-y-flor-de-la-v-todas-_a68d29111930ba966a539220c\/"},"modified":"2025-09-23T11:07:26","modified_gmt":"2025-09-23T14:07:26","slug":"carmen-barbieri-conto-que-le-dijo-fede-bal-sobre-sus-infames-chats-con-estefi-berardi-y-flor-de-la-v-todas-_a68d29111930ba966a539220c","status":"publish","type":"post","link":"https:\/\/chacosintesis.com.ar\/index.php\/carmen-barbieri-conto-que-le-dijo-fede-bal-sobre-sus-infames-chats-con-estefi-berardi-y-flor-de-la-v-todas-_a68d29111930ba966a539220c\/","title":{"rendered":"Carmen Barbieri cont\u00f3 qu\u00e9 le dijo Fede Bal sobre sus infames chats con Estefi Berardi y Flor de la V: \u201cTodas"},"content":{"rendered":"<p><\/p>\n<div itemprop=\"articleBody\">\n<p><strong>Carmen Barbieri <\/strong>habl\u00f3 sobre la relaci\u00f3n de di\u00e1logo que mantiene con su hijo <strong>Fede Bal<\/strong> y la postura que ella tom\u00f3 cuando salieron a la luz las infidelidades de \u00e9l a su entonces novia, <strong>Sof\u00eda Aldrey<\/strong> en 2023.<\/p>\n<p>En una charla distendida con el streamer <strong>Mart\u00edn Cirio<\/strong>, la capoc\u00f3mica mencion\u00f3 la charla que tuvo con su hijo cuando este le confes\u00f3 todo lo que hab\u00eda sucedido con su pareja de ese entonces.\u00a0<\/p>\n<p><span>Carmen intent\u00f3 convencerlo de que recapacite y no deje a la mujer que lo acompa\u00f1\u00f3 durante su estado de salud m\u00e1s dif\u00edcil: \u201cCuando viene y me cuenta <\/span><i><span>\u2018mam\u00e1, no estoy bien con Sof\u00eda<\/span><\/i><span>\u2019, le digo \u2018<\/span><i><span>es la madre de tus hijos<\/span><\/i><span>\u2019\u201d.<\/span><\/p>\n<p><span>Seg\u00fan record\u00f3, su hijo le contest\u00f3 con total sinceridad: \u201c\u2018<\/span><i><mark><span><strong>S\u00ed, es la mujer de mi vida, es la madre de mis hijos, pero no es la mujer que yo elijo para estar. A ver, sos mi mam\u00e1, no te puedo decir, pero necesito una mujer que me mueva y me movilice<\/strong><\/span><\/mark><\/i><span>\u2019\u201d.<\/span><\/p>\n<p><tadevel-ad  class=\"block-4d\" slot-id=\"article-inline-01\"\/><\/p>\n<p><span>Y agreg\u00f3: \u201cLe digo \u2018<\/span><i><span>Pero no pod\u00e9s dejarla, ella estuvo con vos a tu lado, ella te cuid\u00f3, ella te ba\u00f1\u00f3, ella te atendi\u00f3, ella todo<\/span><\/i><span>\u2019\u201d<\/span><\/p>\n<p><span>En el relato, Bal le reconoci\u00f3 a su madre sus problemas para mantener una relaci\u00f3n monogamica: \u201cMe agarr\u00f3 contra la pared y me hizo as\u00ed. <strong>\u2018<\/strong><\/span><i><span><strong>Me gustan todas, las gordas, las enanas, las flacas, las viejas, las j\u00f3venes, no menores, pero me gustan todas y las doy<\/strong>. \u00bfSe merece, Sof\u00eda, que yo la cague as\u00ed?<\/span><\/i><span>\u2019\u201d<\/span><\/p>\n<p>Finalmente, le recomend\u00f3 a su hijo que lo mejor era distanciarse de Aldrey: \u201cLe dije <strong>\u2018<\/strong><i><span><strong>Lo mejor que pod\u00e9s hacer es separarte\u2019<\/strong><\/span><\/i><span><strong>\u201d.<\/strong><\/span><\/p>\n<figure class=\"multimedia\" data-tadevel-template=\"web\/multimedia\" data-type=\"video\"\/><tadevel-ad  class=\"block-4d\" slot-id=\"article-inline-02\"\/><\/p>\n<p>Fede Bal protagoniz\u00f3 uno de los esc\u00e1ndalos m\u00e1s recordados de la far\u00e1ndula argentina cuando Sof\u00eda Aldrey, en venganza por enterarse de que su pareja le fue infiel, filtr\u00f3 unas supuestas conversaciones bizarras de \u00e9l con distintas mujeres del medio. Entre ellas; Estefi Berardi, Florencia de la V y Lourdes S\u00e1nchez.\u00a0<\/p>\n<\/div>\n<p><img decoding=\"async\" src=\"data:image\/gif;base64,R0lGODlhAQABAIAAAAAAAP\/\/\/ywAAAAAAQABAAACAUwAOw==\" fifu-lazy=\"1\" fifu-data-sizes=\"auto\" fifu-data-srcset=\"https:\/\/i3.wp.com\/chacosintesis.com.ar\/wp-content\/uploads\/2025\/09\/1758636446_459_Carmen-Barbieri-conto-que-le-dijo-Fede-Bal-sobre-sus.jpeg?ssl=1&w=75&resize=75&ssl=1 75w, https:\/\/i3.wp.com\/chacosintesis.com.ar\/wp-content\/uploads\/2025\/09\/1758636446_459_Carmen-Barbieri-conto-que-le-dijo-Fede-Bal-sobre-sus.jpeg?ssl=1&w=100&resize=100&ssl=1 100w, https:\/\/i3.wp.com\/chacosintesis.com.ar\/wp-content\/uploads\/2025\/09\/1758636446_459_Carmen-Barbieri-conto-que-le-dijo-Fede-Bal-sobre-sus.jpeg?ssl=1&w=150&resize=150&ssl=1 150w, https:\/\/i3.wp.com\/chacosintesis.com.ar\/wp-content\/uploads\/2025\/09\/1758636446_459_Carmen-Barbieri-conto-que-le-dijo-Fede-Bal-sobre-sus.jpeg?ssl=1&w=240&resize=240&ssl=1 240w, https:\/\/i3.wp.com\/chacosintesis.com.ar\/wp-content\/uploads\/2025\/09\/1758636446_459_Carmen-Barbieri-conto-que-le-dijo-Fede-Bal-sobre-sus.jpeg?ssl=1&w=320&resize=320&ssl=1 320w, https:\/\/i3.wp.com\/chacosintesis.com.ar\/wp-content\/uploads\/2025\/09\/1758636446_459_Carmen-Barbieri-conto-que-le-dijo-Fede-Bal-sobre-sus.jpeg?ssl=1&w=500&resize=500&ssl=1 500w, https:\/\/i3.wp.com\/chacosintesis.com.ar\/wp-content\/uploads\/2025\/09\/1758636446_459_Carmen-Barbieri-conto-que-le-dijo-Fede-Bal-sobre-sus.jpeg?ssl=1&w=640&resize=640&ssl=1 640w, https:\/\/i3.wp.com\/chacosintesis.com.ar\/wp-content\/uploads\/2025\/09\/1758636446_459_Carmen-Barbieri-conto-que-le-dijo-Fede-Bal-sobre-sus.jpeg?ssl=1&w=800&resize=800&ssl=1 800w, https:\/\/i3.wp.com\/chacosintesis.com.ar\/wp-content\/uploads\/2025\/09\/1758636446_459_Carmen-Barbieri-conto-que-le-dijo-Fede-Bal-sobre-sus.jpeg?ssl=1&w=1024&resize=1024&ssl=1 1024w, https:\/\/i3.wp.com\/chacosintesis.com.ar\/wp-content\/uploads\/2025\/09\/1758636446_459_Carmen-Barbieri-conto-que-le-dijo-Fede-Bal-sobre-sus.jpeg?ssl=1&w=1280&resize=1280&ssl=1 1280w, https:\/\/i3.wp.com\/chacosintesis.com.ar\/wp-content\/uploads\/2025\/09\/1758636446_459_Carmen-Barbieri-conto-que-le-dijo-Fede-Bal-sobre-sus.jpeg?ssl=1&w=1600&resize=1600&ssl=1 1600w\" fifu-data-src=\"https:\/\/i3.wp.com\/chacosintesis.com.ar\/wp-content\/uploads\/2025\/09\/1758636446_459_Carmen-Barbieri-conto-que-le-dijo-Fede-Bal-sobre-sus.jpeg?ssl=1\"><\/p>\n<p>Noticias Argentinas<\/p>\n","protected":false},"excerpt":{"rendered":"<p>Carmen Barbieri habl\u00f3 sobre la relaci\u00f3n de di\u00e1logo que mantiene con su hijo Fede Bal y la postura que ella tom\u00f3 cuando salieron a la luz las infidelidades de \u00e9l a su entonces novia, Sof\u00eda Aldrey en 2023. En una charla distendida con el streamer Mart\u00edn Cirio, la capoc\u00f3mica mencion\u00f3 la charla que tuvo con [&hellip;]<\/p>\n","protected":false},"author":1,"featured_media":123533,"comment_status":"closed","ping_status":"","sticky":false,"template":"","format":"standard","meta":{"footnotes":""},"categories":[188],"tags":[],"class_list":{"0":"post-123522","1":"post","2":"type-post","3":"status-publish","4":"format-standard","5":"has-post-thumbnail","7":"category-farandula"},"_links":{"self":[{"href":"https:\/\/chacosintesis.com.ar\/index.php\/wp-json\/wp\/v2\/posts\/123522","targetHints":{"allow":["GET"]}}],"collection":[{"href":"https:\/\/chacosintesis.com.ar\/index.php\/wp-json\/wp\/v2\/posts"}],"about":[{"href":"https:\/\/chacosintesis.com.ar\/index.php\/wp-json\/wp\/v2\/types\/post"}],"author":[{"embeddable":true,"href":"https:\/\/chacosintesis.com.ar\/index.php\/wp-json\/wp\/v2\/users\/1"}],"replies":[{"embeddable":true,"href":"https:\/\/chacosintesis.com.ar\/index.php\/wp-json\/wp\/v2\/comments?post=123522"}],"version-history":[{"count":0,"href":"https:\/\/chacosintesis.com.ar\/index.php\/wp-json\/wp\/v2\/posts\/123522\/revisions"}],"wp:featuredmedia":[{"embeddable":true,"href":"https:\/\/chacosintesis.com.ar\/index.php\/wp-json\/wp\/v2\/media\/123533"}],"wp:attachment":[{"href":"https:\/\/chacosintesis.com.ar\/index.php\/wp-json\/wp\/v2\/media?parent=123522"}],"wp:term":[{"taxonomy":"category","embeddable":true,"href":"https:\/\/chacosintesis.com.ar\/index.php\/wp-json\/wp\/v2\/categories?post=123522"},{"taxonomy":"post_tag","embeddable":true,"href":"https:\/\/chacosintesis.com.ar\/index.php\/wp-json\/wp\/v2\/tags?post=123522"}],"curies":[{"name":"wp","href":"https:\/\/api.w.org\/{rel}","templated":true}]}}