{"id":12352,"date":"2021-10-15T22:49:08","date_gmt":"2021-10-16T01:49:08","guid":{"rendered":"https:\/\/chacosintesis.com.ar\/?p=12352"},"modified":"2021-10-15T22:49:09","modified_gmt":"2021-10-16T01:49:09","slug":"ucr-el-comite-de-circuito-de-saenz-pena-repudio-los-dichos-del-intendente-de-pinedo","status":"publish","type":"post","link":"https:\/\/chacosintesis.com.ar\/index.php\/ucr-el-comite-de-circuito-de-saenz-pena-repudio-los-dichos-del-intendente-de-pinedo\/","title":{"rendered":"UCR: el Comit\u00e9 de Circuito de S\u00e1enz Pe\u00f1a repudi\u00f3 los dichos del intendente de Pinedo"},"content":{"rendered":"\n<p>El Comit\u00e9 de Circuito de la UCR de S\u00e1enz Pe\u00f1a, en nombre de su presidente Jos\u00e9 Martin y otros miembros de la Mesa de Conducci\u00f3n,&nbsp;<strong>repudiaron y rechazaron en\u00e9rgicamente las expresiones del intentente de General Pinedo, Franco Ciucci<\/strong>, durante un acto pol\u00edtico, cuando mencion\u00f3:<strong>&nbsp;&#8220;Que se mueran los radicales&#8221;.<\/strong><\/p>\n\n\n\n<p>A trav\u00e9s de un comunicado que lleva la firma de Mart\u00edn, el Comit\u00e9 se\u00f1al\u00f3 que estas actitudes&nbsp;<strong>&#8220;viniendo de dirigentes que tienen responsabilidades no contribuyen en absoluto a la convivencia que exige el sistema democr\u00e1tico&#8221;.<\/strong><\/p>\n\n\n\n<p>Por eso, mencionaron que &#8220;los radicales con 130 a\u00f1os de vida institucional&#8221; se sienten\u00a0<strong>&#8220;agraviados&#8221;.<\/strong>\u00a0Atribuyeron la frase de Ciucci a\u00a0&#8220;la \u00e9poca m\u00e1s oscura que nos toc\u00f3 vivir a todos los argentinos y cre\u00edamos superada&#8221;.<\/p>\n\n\n\n<p>El repudio del Comit\u00e9 de Circuito de la UCR se suma a los malestares expresados por el\u00a0<strong>Foro de Concejales de la UCR, la UCR Nacional y Juan Carlos Polini.<\/strong><\/p>\n\n\n\n<p>DIARIO CHACO.-<\/p>\n","protected":false},"excerpt":{"rendered":"<p>El Comit\u00e9 de Circuito de la UCR de S\u00e1enz Pe\u00f1a, en nombre de su presidente Jos\u00e9 Martin y otros miembros de la Mesa de Conducci\u00f3n,&nbsp;repudiaron y rechazaron en\u00e9rgicamente las expresiones del intentente de General Pinedo, Franco Ciucci, durante un acto pol\u00edtico, cuando mencion\u00f3:&nbsp;&#8220;Que se mueran los radicales&#8221;. A trav\u00e9s de un comunicado que lleva la [&hellip;]<\/p>\n","protected":false},"author":1,"featured_media":12353,"comment_status":"closed","ping_status":"closed","sticky":false,"template":"","format":"standard","meta":{"footnotes":""},"categories":[6],"tags":[],"class_list":{"0":"post-12352","1":"post","2":"type-post","3":"status-publish","4":"format-standard","5":"has-post-thumbnail","7":"category-chaco"},"_links":{"self":[{"href":"https:\/\/chacosintesis.com.ar\/index.php\/wp-json\/wp\/v2\/posts\/12352","targetHints":{"allow":["GET"]}}],"collection":[{"href":"https:\/\/chacosintesis.com.ar\/index.php\/wp-json\/wp\/v2\/posts"}],"about":[{"href":"https:\/\/chacosintesis.com.ar\/index.php\/wp-json\/wp\/v2\/types\/post"}],"author":[{"embeddable":true,"href":"https:\/\/chacosintesis.com.ar\/index.php\/wp-json\/wp\/v2\/users\/1"}],"replies":[{"embeddable":true,"href":"https:\/\/chacosintesis.com.ar\/index.php\/wp-json\/wp\/v2\/comments?post=12352"}],"version-history":[{"count":0,"href":"https:\/\/chacosintesis.com.ar\/index.php\/wp-json\/wp\/v2\/posts\/12352\/revisions"}],"wp:featuredmedia":[{"embeddable":true,"href":"https:\/\/chacosintesis.com.ar\/index.php\/wp-json\/wp\/v2\/media\/12353"}],"wp:attachment":[{"href":"https:\/\/chacosintesis.com.ar\/index.php\/wp-json\/wp\/v2\/media?parent=12352"}],"wp:term":[{"taxonomy":"category","embeddable":true,"href":"https:\/\/chacosintesis.com.ar\/index.php\/wp-json\/wp\/v2\/categories?post=12352"},{"taxonomy":"post_tag","embeddable":true,"href":"https:\/\/chacosintesis.com.ar\/index.php\/wp-json\/wp\/v2\/tags?post=12352"}],"curies":[{"name":"wp","href":"https:\/\/api.w.org\/{rel}","templated":true}]}}