{"id":12342,"date":"2021-10-14T11:41:17","date_gmt":"2021-10-14T14:41:17","guid":{"rendered":"https:\/\/chacosintesis.com.ar\/?p=12342"},"modified":"2021-10-14T12:07:38","modified_gmt":"2021-10-14T15:07:38","slug":"el-gobernador-visito-la-planta-de-tourne-tourne-la-cual-generara-11-puestos-de-trabajo","status":"publish","type":"post","link":"https:\/\/chacosintesis.com.ar\/index.php\/el-gobernador-visito-la-planta-de-tourne-tourne-la-cual-generara-11-puestos-de-trabajo\/","title":{"rendered":"El gobernador visit\u00f3 la planta de Tourne &amp; Tourne la cual generar\u00e1 11 puestos de trabajo"},"content":{"rendered":"<div dir=\"ltr\">El gobernador Jorge Capitanich visit\u00f3 en la ma\u00f1ana de este jueves la f\u00e1brica Tourne &amp; Tourne, radicada en Gancedo, dedicada a la transformaci\u00f3n de cereales producidos en la regi\u00f3n en alimento balanceado para aves, cerdos, bovinos y peces. El primer mandatario destac\u00f3 el r\u00e9gimen de promoci\u00f3n industrial que tiene Chaco al cual calific\u00f3 como \u201cmuy agresivo\u201d y que contempla la exenci\u00f3n de los impuesto de ingresos brutos por 10 a\u00f1os, tarifa energ\u00e9tica diferencial, provisi\u00f3n de infraestructura adecuada y que las contribuciones patronales sean de cero en los pr\u00f3ximos tres a\u00f1os.<\/p>\n<p>El gobernador, quien estuvo acompa\u00f1ado por el ministro de ministro de Industria, Producci\u00f3n y Empleo, Sebasti\u00e1n Lifton; el intendente de la localidad, Carlos Korovaichuk; y el representante de la empresa, Hern\u00e1n Tourne; detall\u00f3 que la planta est\u00e1 pr\u00f3xima a culminar su instalaci\u00f3n y que si bien el principal producto del cual se abastece para la elaboraci\u00f3n de los alimentos es el ma\u00edz, tambi\u00e9n se consume soja, trigo y girasol.<\/p>\n<p>Mencion\u00f3 que la instalaci\u00f3n de este tipo de plantas es parte de la estrategia que se propicia desde el Gobierno, es decir transformar cereales en carne con el objeto de multiplicar en la generaci\u00f3n de empleo en las 20 cadenas de valor que hay en la provincia. Vale destacar que en el caso de esta planta se generar\u00e1n 11 empleos, 9 de forma directa y 2 administrativos.<\/p>\n<p>\u201cEstamos muy contentos de que empresarios de otras provincias puedan canalizar inversiones aqu\u00ed en el Chaco\u201d, dijo. Valor\u00f3 que en el caso de Tourne &amp; Tourne se espera que para los meses de de octubre o noviembre empiecen a producir y que su planta ser\u00e1 una plataforma de base exportadoras para Chile, Brasil y Paraguay.<\/p>\n<p>\u201cQueremos incrementar la capacidad instalada para el abastecimiento mercado interno y, obviamente, la expansi\u00f3n de la base exportadora lo que permitir\u00e1 avanzaren un proyecto de desarrollo industrial para la provincia con la potenciaci\u00f3n de las cadenas de valor para llegar a 1.500 millones de d\u00f3lares de productos exportados en el a\u00f1o 2030\u201d, indic\u00f3.<\/p><\/div>\n","protected":false},"excerpt":{"rendered":"<p>El gobernador Jorge Capitanich visit\u00f3 en la ma\u00f1ana de este jueves la f\u00e1brica Tourne &amp; Tourne, radicada en Gancedo, dedicada a la transformaci\u00f3n de cereales producidos en la regi\u00f3n en alimento balanceado para aves, cerdos, bovinos y peces. El primer mandatario destac\u00f3 el r\u00e9gimen de promoci\u00f3n industrial que tiene Chaco al cual calific\u00f3 como \u201cmuy [&hellip;]<\/p>\n","protected":false},"author":1,"featured_media":12343,"comment_status":"closed","ping_status":"closed","sticky":false,"template":"","format":"standard","meta":{"footnotes":""},"categories":[6],"tags":[],"class_list":{"0":"post-12342","1":"post","2":"type-post","3":"status-publish","4":"format-standard","5":"has-post-thumbnail","7":"category-chaco"},"_links":{"self":[{"href":"https:\/\/chacosintesis.com.ar\/index.php\/wp-json\/wp\/v2\/posts\/12342","targetHints":{"allow":["GET"]}}],"collection":[{"href":"https:\/\/chacosintesis.com.ar\/index.php\/wp-json\/wp\/v2\/posts"}],"about":[{"href":"https:\/\/chacosintesis.com.ar\/index.php\/wp-json\/wp\/v2\/types\/post"}],"author":[{"embeddable":true,"href":"https:\/\/chacosintesis.com.ar\/index.php\/wp-json\/wp\/v2\/users\/1"}],"replies":[{"embeddable":true,"href":"https:\/\/chacosintesis.com.ar\/index.php\/wp-json\/wp\/v2\/comments?post=12342"}],"version-history":[{"count":0,"href":"https:\/\/chacosintesis.com.ar\/index.php\/wp-json\/wp\/v2\/posts\/12342\/revisions"}],"wp:featuredmedia":[{"embeddable":true,"href":"https:\/\/chacosintesis.com.ar\/index.php\/wp-json\/wp\/v2\/media\/12343"}],"wp:attachment":[{"href":"https:\/\/chacosintesis.com.ar\/index.php\/wp-json\/wp\/v2\/media?parent=12342"}],"wp:term":[{"taxonomy":"category","embeddable":true,"href":"https:\/\/chacosintesis.com.ar\/index.php\/wp-json\/wp\/v2\/categories?post=12342"},{"taxonomy":"post_tag","embeddable":true,"href":"https:\/\/chacosintesis.com.ar\/index.php\/wp-json\/wp\/v2\/tags?post=12342"}],"curies":[{"name":"wp","href":"https:\/\/api.w.org\/{rel}","templated":true}]}}