{"id":12338,"date":"2021-10-14T09:51:49","date_gmt":"2021-10-14T12:51:49","guid":{"rendered":"https:\/\/chacosintesis.com.ar\/?p=12338"},"modified":"2021-10-14T10:07:26","modified_gmt":"2021-10-14T13:07:26","slug":"polini-somos-el-cambio-a-los-patoteros-de-capitanich","status":"publish","type":"post","link":"https:\/\/chacosintesis.com.ar\/index.php\/polini-somos-el-cambio-a-los-patoteros-de-capitanich\/","title":{"rendered":"Polini: &#8220;Somos el cambio a los patoteros de Capitanich&#8221;"},"content":{"rendered":"<div dir=\"ltr\">\u00a0El Candidato a diputado nacional de Chaco cambia, Juan Carlos Polini, lament\u00f3 las expresiones del intendente de General Pinedo \u201cdese\u00e1ndole la muerte a los radicales\u201d en el cierre de un acto de campa\u00f1a realizado en esa localidad. Del mismo modo hizo referencia a los dichos del intendente de Margarita Bel\u00e9n Javier Mart\u00ednez quien se refiri\u00f3 a los docentes como \u201cmamarrachos impresentables\u201d<\/p>\n<p>\u201cLas palabras del intendente Ciucci est\u00e1n cargadas de odio y resentimiento, y eso habla m\u00e1s de \u00e9l que de otros, no es casual que los pinedenses le hayan dado la espalda en las urnas el pasado 12 de septiembre, y en las elecciones del pr\u00f3ximo 14 de noviembre los ciudadanos van a ratificar el voto por quienes representamos el cambio, los chaque\u00f1os y los argentinos han decidido dar un paso hacia el futuro, dejando atr\u00e1s esta manera de hacer pol\u00edtica que tanto da\u00f1o le ha hecho a la provincia y el pa\u00eds\u201d<\/p>\n<p>Tambi\u00e9n hizo referencia a los dichos del intendente de Margarita Bel\u00e9n, Javier Mart\u00ednez, quien calific\u00f3 a los docentes de mamarrachos e impresentables \u201cTampoco es un hecho aislado, es el manual del autoritarismo kirchnerista, no escucharon el mensaje de las urnas porque no les importa escuchar, cada d\u00eda est\u00e1 m\u00e1s claro que somos los que representamos el cambio a los patoteros de Capitanich, el 14 de noviembre el pueblo volver\u00e1 a decir basta a esta forma de hacer pol\u00edtica\u201d<\/p><\/div>\n","protected":false},"excerpt":{"rendered":"<p>\u00a0El Candidato a diputado nacional de Chaco cambia, Juan Carlos Polini, lament\u00f3 las expresiones del intendente de General Pinedo \u201cdese\u00e1ndole la muerte a los radicales\u201d en el cierre de un acto de campa\u00f1a realizado en esa localidad. Del mismo modo hizo referencia a los dichos del intendente de Margarita Bel\u00e9n Javier Mart\u00ednez quien se refiri\u00f3 [&hellip;]<\/p>\n","protected":false},"author":1,"featured_media":12339,"comment_status":"closed","ping_status":"closed","sticky":false,"template":"","format":"standard","meta":{"footnotes":""},"categories":[6],"tags":[],"class_list":{"0":"post-12338","1":"post","2":"type-post","3":"status-publish","4":"format-standard","5":"has-post-thumbnail","7":"category-chaco"},"_links":{"self":[{"href":"https:\/\/chacosintesis.com.ar\/index.php\/wp-json\/wp\/v2\/posts\/12338","targetHints":{"allow":["GET"]}}],"collection":[{"href":"https:\/\/chacosintesis.com.ar\/index.php\/wp-json\/wp\/v2\/posts"}],"about":[{"href":"https:\/\/chacosintesis.com.ar\/index.php\/wp-json\/wp\/v2\/types\/post"}],"author":[{"embeddable":true,"href":"https:\/\/chacosintesis.com.ar\/index.php\/wp-json\/wp\/v2\/users\/1"}],"replies":[{"embeddable":true,"href":"https:\/\/chacosintesis.com.ar\/index.php\/wp-json\/wp\/v2\/comments?post=12338"}],"version-history":[{"count":0,"href":"https:\/\/chacosintesis.com.ar\/index.php\/wp-json\/wp\/v2\/posts\/12338\/revisions"}],"wp:featuredmedia":[{"embeddable":true,"href":"https:\/\/chacosintesis.com.ar\/index.php\/wp-json\/wp\/v2\/media\/12339"}],"wp:attachment":[{"href":"https:\/\/chacosintesis.com.ar\/index.php\/wp-json\/wp\/v2\/media?parent=12338"}],"wp:term":[{"taxonomy":"category","embeddable":true,"href":"https:\/\/chacosintesis.com.ar\/index.php\/wp-json\/wp\/v2\/categories?post=12338"},{"taxonomy":"post_tag","embeddable":true,"href":"https:\/\/chacosintesis.com.ar\/index.php\/wp-json\/wp\/v2\/tags?post=12338"}],"curies":[{"name":"wp","href":"https:\/\/api.w.org\/{rel}","templated":true}]}}