{"id":12313,"date":"2021-10-12T09:04:17","date_gmt":"2021-10-12T12:04:17","guid":{"rendered":"https:\/\/chacosintesis.com.ar\/?p=12313"},"modified":"2021-10-12T09:09:27","modified_gmt":"2021-10-12T12:09:27","slug":"arranca-la-aplicacion-de-primeras-dosis-a-ninas-y-ninos-de-entre-3-y-11-anos-a-quienes-alcanza-y-requisitos","status":"publish","type":"post","link":"https:\/\/chacosintesis.com.ar\/index.php\/arranca-la-aplicacion-de-primeras-dosis-a-ninas-y-ninos-de-entre-3-y-11-anos-a-quienes-alcanza-y-requisitos\/","title":{"rendered":"Arranca la aplicaci\u00f3n de primeras dosis a ni\u00f1as y ni\u00f1os de entre 3 y 11 a\u00f1os: a qui\u00e9nes alcanza y requisitos"},"content":{"rendered":"<div dir=\"ltr\">La ministra de Salud P\u00fablica del Chaco, Carolina Centeno confirm\u00f3 esta noche que ma\u00f1ana martes 12 de octubre arranca en la provincia la vacunaci\u00f3n de ni\u00f1as y ni\u00f1os de 3 a 11 a\u00f1os contra la COVID-19. Al igual que en toda la Naci\u00f3n, comienza con vacunas Sinopharm con los grupos priorizados. El lanzamiento simb\u00f3lico en el Chaco se realizar\u00e1 desde el barrio San Pedro Pescador (Colonia Ben\u00edtez), en cercan\u00edas del puente interprovincial Chaco-Corrientes.<\/p>\n<p>\u201cConvocamos a madres y padres o referentes vinculares que tengan una ni\u00f1a o \u00a0ni\u00f1o con factores de riesgo o discapacidad se acerquen a los vacunatorios o Centros de Salud o postas fijas y m\u00f3viles para aplicarles la vacuna, que es segura y efectiva\u201d, destac\u00f3 la funcionaria provincial. As\u00ed, record\u00f3 que el \u00fanico requisito es concurrir con el Certificado \u00danico de Discapacidad (CUD), la constancia donde se acredita el factor de riesgo o la enfermedad de base que hace que los ni\u00f1os tengan m\u00e1s riesgo de enfermar grave o morir y la libreta sanitaria \u201cporque lo que hacemos es aprovechar la oportunidad para controlar el carn\u00e9 del calendario nacional obligatorio de vacunaci\u00f3n para mejorar las coberturas de vacunaci\u00f3n\u201d, concluy\u00f3 Centeno.<\/p><\/div>\n","protected":false},"excerpt":{"rendered":"<p>La ministra de Salud P\u00fablica del Chaco, Carolina Centeno confirm\u00f3 esta noche que ma\u00f1ana martes 12 de octubre arranca en la provincia la vacunaci\u00f3n de ni\u00f1as y ni\u00f1os de 3 a 11 a\u00f1os contra la COVID-19. Al igual que en toda la Naci\u00f3n, comienza con vacunas Sinopharm con los grupos priorizados. El lanzamiento simb\u00f3lico en [&hellip;]<\/p>\n","protected":false},"author":1,"featured_media":12314,"comment_status":"closed","ping_status":"closed","sticky":false,"template":"","format":"standard","meta":{"footnotes":""},"categories":[6],"tags":[],"class_list":{"0":"post-12313","1":"post","2":"type-post","3":"status-publish","4":"format-standard","5":"has-post-thumbnail","7":"category-chaco"},"_links":{"self":[{"href":"https:\/\/chacosintesis.com.ar\/index.php\/wp-json\/wp\/v2\/posts\/12313","targetHints":{"allow":["GET"]}}],"collection":[{"href":"https:\/\/chacosintesis.com.ar\/index.php\/wp-json\/wp\/v2\/posts"}],"about":[{"href":"https:\/\/chacosintesis.com.ar\/index.php\/wp-json\/wp\/v2\/types\/post"}],"author":[{"embeddable":true,"href":"https:\/\/chacosintesis.com.ar\/index.php\/wp-json\/wp\/v2\/users\/1"}],"replies":[{"embeddable":true,"href":"https:\/\/chacosintesis.com.ar\/index.php\/wp-json\/wp\/v2\/comments?post=12313"}],"version-history":[{"count":0,"href":"https:\/\/chacosintesis.com.ar\/index.php\/wp-json\/wp\/v2\/posts\/12313\/revisions"}],"wp:featuredmedia":[{"embeddable":true,"href":"https:\/\/chacosintesis.com.ar\/index.php\/wp-json\/wp\/v2\/media\/12314"}],"wp:attachment":[{"href":"https:\/\/chacosintesis.com.ar\/index.php\/wp-json\/wp\/v2\/media?parent=12313"}],"wp:term":[{"taxonomy":"category","embeddable":true,"href":"https:\/\/chacosintesis.com.ar\/index.php\/wp-json\/wp\/v2\/categories?post=12313"},{"taxonomy":"post_tag","embeddable":true,"href":"https:\/\/chacosintesis.com.ar\/index.php\/wp-json\/wp\/v2\/tags?post=12313"}],"curies":[{"name":"wp","href":"https:\/\/api.w.org\/{rel}","templated":true}]}}