{"id":12303,"date":"2021-10-11T12:59:17","date_gmt":"2021-10-11T15:59:17","guid":{"rendered":"https:\/\/chacosintesis.com.ar\/?p=12303"},"modified":"2021-10-11T13:09:14","modified_gmt":"2021-10-11T16:09:14","slug":"el-frente-de-todos-defendera-los-derechos-de-trabajadores-frente-al-proyecto-de-la-oposicion-que-busca-la-flexibilizacion-laboral","status":"publish","type":"post","link":"https:\/\/chacosintesis.com.ar\/index.php\/el-frente-de-todos-defendera-los-derechos-de-trabajadores-frente-al-proyecto-de-la-oposicion-que-busca-la-flexibilizacion-laboral\/","title":{"rendered":"\u201cEl Frente de Todos defender\u00e1 los derechos de trabajadores frente al proyecto de la oposici\u00f3n que busca la flexibilizaci\u00f3n laboral\u201d"},"content":{"rendered":"<div dir=\"ltr\">El candidato a diputado nacional mantuvo un encuentro con organizaciones sindicales en Villa \u00c1ngela, donde destac\u00f3 que \u201cel pedido fue defender los derechos de las y los trabajadores. Estamos comprometidos con ellos y adem\u00e1s forma parte de las convicciones filos\u00f3ficas de nuestra fuerza pol\u00edtica\u201d.<\/p>\n<p>El candidato a primer diputado nacional por el Frente de Todos Chaco, Juan Manuel Pedrini, remarc\u00f3 que \u201cJuntos por el Cambio dice abiertamente que est\u00e1 a favor de la eliminaci\u00f3n de las indemnizaciones por despidos sin justa causa, de hecho, ya firmaron y presentaron el proyecto legislativo\u201d. \u201cLas y los legisladores que vayan al Congreso nacional deben tener una posici\u00f3n tomada sobre este tema. Juntos por el Cambio est\u00e1 a favor de la flexibilizaci\u00f3n laboral, el Frente de Todos, a favor de los derechos de las y los trabajadores. Los aspirantes a legisladores deber\u00edan hacer p\u00fablicas sus posiciones sobre estos temas trascendentes para informar a la ciudadan\u00eda sobre lo que piensan hacer si llegan a sus bancas\u201d, expres\u00f3 Pedrini.<\/p>\n<p>En referencia a un encuentro que mantuvo con organizaciones sindicales en Villa \u00c1ngela, Pedrini destac\u00f3 que \u201cel pedido fue defender los derechos de las y los trabajadores. Estamos comprometidos con ellos y adem\u00e1s forma parte de las convicciones filos\u00f3ficas de nuestra fuerza pol\u00edtica\u201d.<\/p>\n<p>El candidato record\u00f3 las declaraciones del presidente de la C\u00e1mara Argentina de la Construcci\u00f3n, Iv\u00e1n Szczech, quien d\u00edas atr\u00e1s asegur\u00f3 que sobre este debate que &quot;la indemnizaci\u00f3n que rige en la construcci\u00f3n no es trasladable a otros rubros&quot;. En este sentido, Pedrini explic\u00f3 que la oposici\u00f3n propone en su proyecto algunas caracter\u00edsticas del sistema de la construcci\u00f3n.<\/p>\n<p>El jefe de la bancada justicialista en la Legislatura chaque\u00f1a advirti\u00f3 que la aprobaci\u00f3n de un proyecto de esta naturaleza \u201ccambiar\u00e1 radicalmente las relaciones laborales en la Argentina. Y las cambia desde el inicio de la relaci\u00f3n laboral, porque si el trabajador puede ser despedido sin justa causa sin indemnizaci\u00f3n, vamos a otras relaciones patronales, donde la fuerza del capital se va a sentir con una mayor virulencia. Desaparece una posibilidad de equilibrio en una relaci\u00f3n tan desigual como ocurre entre la patronal y los trabajadores\u201d.<\/p>\n<p>Ajustes, tarifazos y flexibilizaci\u00f3n laboral<\/p>\n<p>Pedrini calific\u00f3 la receta de Juntos por el Cambio como \u201cde manual: ajustes, tarifazos y flexibilizaci\u00f3n laboral, Es el combo que preparan para 2023\u201d. \u00a0\u201cEn estas elecciones- consider\u00f3- la oposici\u00f3n establece una especie de ilusi\u00f3n, en realidad los Ejecutivos no van a cambiar. Lo que cambia es la mitad de las C\u00e1maras legislativas. Es una falsa sensaci\u00f3n que buscar instalar. Ahora bien, proyectos como el de flexibilizaci\u00f3n que ya tiene estado parlamentario, es una posibilidad real si cuentan con mayor\u00eda\u201d.<\/p><\/div>\n","protected":false},"excerpt":{"rendered":"<p>El candidato a diputado nacional mantuvo un encuentro con organizaciones sindicales en Villa \u00c1ngela, donde destac\u00f3 que \u201cel pedido fue defender los derechos de las y los trabajadores. Estamos comprometidos con ellos y adem\u00e1s forma parte de las convicciones filos\u00f3ficas de nuestra fuerza pol\u00edtica\u201d. El candidato a primer diputado nacional por el Frente de Todos [&hellip;]<\/p>\n","protected":false},"author":1,"featured_media":12304,"comment_status":"closed","ping_status":"closed","sticky":false,"template":"","format":"standard","meta":{"footnotes":""},"categories":[6],"tags":[],"class_list":{"0":"post-12303","1":"post","2":"type-post","3":"status-publish","4":"format-standard","5":"has-post-thumbnail","7":"category-chaco"},"_links":{"self":[{"href":"https:\/\/chacosintesis.com.ar\/index.php\/wp-json\/wp\/v2\/posts\/12303","targetHints":{"allow":["GET"]}}],"collection":[{"href":"https:\/\/chacosintesis.com.ar\/index.php\/wp-json\/wp\/v2\/posts"}],"about":[{"href":"https:\/\/chacosintesis.com.ar\/index.php\/wp-json\/wp\/v2\/types\/post"}],"author":[{"embeddable":true,"href":"https:\/\/chacosintesis.com.ar\/index.php\/wp-json\/wp\/v2\/users\/1"}],"replies":[{"embeddable":true,"href":"https:\/\/chacosintesis.com.ar\/index.php\/wp-json\/wp\/v2\/comments?post=12303"}],"version-history":[{"count":0,"href":"https:\/\/chacosintesis.com.ar\/index.php\/wp-json\/wp\/v2\/posts\/12303\/revisions"}],"wp:featuredmedia":[{"embeddable":true,"href":"https:\/\/chacosintesis.com.ar\/index.php\/wp-json\/wp\/v2\/media\/12304"}],"wp:attachment":[{"href":"https:\/\/chacosintesis.com.ar\/index.php\/wp-json\/wp\/v2\/media?parent=12303"}],"wp:term":[{"taxonomy":"category","embeddable":true,"href":"https:\/\/chacosintesis.com.ar\/index.php\/wp-json\/wp\/v2\/categories?post=12303"},{"taxonomy":"post_tag","embeddable":true,"href":"https:\/\/chacosintesis.com.ar\/index.php\/wp-json\/wp\/v2\/tags?post=12303"}],"curies":[{"name":"wp","href":"https:\/\/api.w.org\/{rel}","templated":true}]}}