{"id":12273,"date":"2021-10-09T10:10:45","date_gmt":"2021-10-09T13:10:45","guid":{"rendered":"https:\/\/chacosintesis.com.ar\/?p=12273"},"modified":"2021-10-09T10:36:52","modified_gmt":"2021-10-09T13:36:52","slug":"larreta-somos-el-unico-frente-que-puede-decirle-basta-al-kirchnerismo","status":"publish","type":"post","link":"https:\/\/chacosintesis.com.ar\/index.php\/larreta-somos-el-unico-frente-que-puede-decirle-basta-al-kirchnerismo\/","title":{"rendered":"Larreta: &#8220;Somos el \u00fanico frente que puede decirle basta al kirchnerismo&#8221;"},"content":{"rendered":"<div dir=\"ltr\">El Jefe de Gobierno de la ciudad de Buenos Aires, Horacio Rodr\u00edguez Larreta, \u00a0visit\u00f3 la provincia del Chaco con el objetivo de acompa\u00f1ar los candidatos del frente Chaco Cambia que encabezan Juan Carlos Polini como candidato a diputado nacional y Leandro Zdero a diputado provincial. <\/p>\n<p>Tras su arribo, se reuni\u00f3 con los candidatos nacionales y provinciales a fin de \u00a0intercambiar impresiones sobre el desarrollo de la campa\u00f1a en la provincia y el pa\u00eds, luego realiz\u00f3 una recorrida por la zona de la peatonal de nuestra ciudad donde mantuvo contacto con referentes del sector p\u00fablico y privado, comerciantes, emprendedores y finalmente dialog\u00f3 con los medios presentes. <\/p>\n<p>Sobre las expectativas electorales, Larreta se\u00f1al\u00f3 \u201cEs un desaf\u00edo que requiere trabajo, trabajo y m\u00e1s trabajo, con mayor presencia en la Legislatura provincial y el Congreso de la Naci\u00f3n podremos ir dando los pasos necesarios para ganar en Chaco y en el pa\u00eds en 2023\u201d<\/p>\n<p>Sacarle el pi\u00e9 de la cabeza <\/p>\n<p>\u201cDesde el Congreso vamos a ayudar con propuestas para sacarle el p\u00ede de la cabeza a las empresas, a los comerciantes, a las industrias, a las pymes, emprendedores, a las econom\u00edas regionales, que cada vez pagan m\u00e1s impuestos y tienen m\u00e1s controles que impiden el desarrollo, hoy vemos como los recursos nacionales se producen en otros lugares, eso debe cambiar para poder crecer, generar empleo y oportunidades, esa es la provincia y el pa\u00eds que queremos\u201d<\/p>\n<p>Indicadores preocupantes en Chaco<\/p>\n<p>\u201cPara lograr todos estos objetivos hay que mejorar leyes que ya existen y en otros casos levar nuevas propuestas de manera de trabajar en todos los frentes, en ese contexto la educaci\u00f3n es central, no puede ser que un ministro decida que no hay clases, estaba viendo los indicadores del Chaco y son preocupantes, los mayores \u00edndices de analfabetismo, sin educaci\u00f3n no hay futuro, necesitamos a los diputados de Chaco Cambia para revertir esta realidad\u201d<\/p>\n<p>Juntos por el cambio<\/p>\n<p>Por eso es tan importante que acompa\u00f1en a nuestros candidatos, porque somos el \u00fanico frente electoral que puede decirle basta al kirchnerismo, estamos todos juntos los partidos que componemos este frente pero tambi\u00e9n hay independientes, peronistas, mujeres y hombres que no proviene de la pol\u00edtica pero que se sumaron convencidos de la necesidad de generar un cambio, no importa de donde provengan, lo importante es que tenemos candidatos elegidos democr\u00e1ticamente y no a dedo, hubo primarias en 17 provincias en las que la gente pudo elegir quien quiere que los represente\u201d<\/p><\/div>\n","protected":false},"excerpt":{"rendered":"<p>El Jefe de Gobierno de la ciudad de Buenos Aires, Horacio Rodr\u00edguez Larreta, \u00a0visit\u00f3 la provincia del Chaco con el objetivo de acompa\u00f1ar los candidatos del frente Chaco Cambia que encabezan Juan Carlos Polini como candidato a diputado nacional y Leandro Zdero a diputado provincial. Tras su arribo, se reuni\u00f3 con los candidatos nacionales y [&hellip;]<\/p>\n","protected":false},"author":1,"featured_media":12274,"comment_status":"closed","ping_status":"closed","sticky":false,"template":"","format":"standard","meta":{"footnotes":""},"categories":[6],"tags":[],"class_list":{"0":"post-12273","1":"post","2":"type-post","3":"status-publish","4":"format-standard","5":"has-post-thumbnail","7":"category-chaco"},"_links":{"self":[{"href":"https:\/\/chacosintesis.com.ar\/index.php\/wp-json\/wp\/v2\/posts\/12273","targetHints":{"allow":["GET"]}}],"collection":[{"href":"https:\/\/chacosintesis.com.ar\/index.php\/wp-json\/wp\/v2\/posts"}],"about":[{"href":"https:\/\/chacosintesis.com.ar\/index.php\/wp-json\/wp\/v2\/types\/post"}],"author":[{"embeddable":true,"href":"https:\/\/chacosintesis.com.ar\/index.php\/wp-json\/wp\/v2\/users\/1"}],"replies":[{"embeddable":true,"href":"https:\/\/chacosintesis.com.ar\/index.php\/wp-json\/wp\/v2\/comments?post=12273"}],"version-history":[{"count":0,"href":"https:\/\/chacosintesis.com.ar\/index.php\/wp-json\/wp\/v2\/posts\/12273\/revisions"}],"wp:featuredmedia":[{"embeddable":true,"href":"https:\/\/chacosintesis.com.ar\/index.php\/wp-json\/wp\/v2\/media\/12274"}],"wp:attachment":[{"href":"https:\/\/chacosintesis.com.ar\/index.php\/wp-json\/wp\/v2\/media?parent=12273"}],"wp:term":[{"taxonomy":"category","embeddable":true,"href":"https:\/\/chacosintesis.com.ar\/index.php\/wp-json\/wp\/v2\/categories?post=12273"},{"taxonomy":"post_tag","embeddable":true,"href":"https:\/\/chacosintesis.com.ar\/index.php\/wp-json\/wp\/v2\/tags?post=12273"}],"curies":[{"name":"wp","href":"https:\/\/api.w.org\/{rel}","templated":true}]}}