{"id":12267,"date":"2021-10-08T19:23:48","date_gmt":"2021-10-08T22:23:48","guid":{"rendered":"https:\/\/chacosintesis.com.ar\/?p=12267"},"modified":"2021-10-08T19:36:52","modified_gmt":"2021-10-08T22:36:52","slug":"capitanich-y-ferraresi-entregaron-nuevos-creditos-para-la-construccion-de-viviendas-en-la-provincia","status":"publish","type":"post","link":"https:\/\/chacosintesis.com.ar\/index.php\/capitanich-y-ferraresi-entregaron-nuevos-creditos-para-la-construccion-de-viviendas-en-la-provincia\/","title":{"rendered":"Capitanich y Ferraresi entregaron nuevos cr\u00e9ditos para la construcci\u00f3n de viviendas en la provincia"},"content":{"rendered":"<div dir=\"ltr\">El gobernador Jorge Capitanich comparti\u00f3 este viernes con el ministro de Desarrollo Territorial y H\u00e1bitat de la Naci\u00f3n, Jorge Ferraresi, la entrega de nuevos cr\u00e9ditos para construcci\u00f3n de viviendas que tendr\u00e1 una gran cantidad de beneficiarios. <\/p>\n<p>En cuanto a la actividad, el mandatario provincial explic\u00f3 a trav\u00e9s de su cuenta personal que const\u00f3 de la suscripci\u00f3n de convenios y la asignaci\u00f3n de 70 cr\u00e9ditos para las obras de casas familiares. \u201cA trav\u00e9s de Procrear, tenemos 2.800 cr\u00e9ditos para refacci\u00f3n, ampliaci\u00f3n y construcci\u00f3n de nuevas viviendas. Esto es una excelente noticia para miles de familias que podr\u00e1n acceder a la casa propia de manera m\u00e1s f\u00e1cil\u201d, agreg\u00f3. <\/p>\n<p>Adem\u00e1s, manifest\u00f3 que \u201cfirmamos un Acta compromiso para el Plan Nacional de Suelo Urbano, un financiamiento de infraestructura para la generaci\u00f3n de 500 lotes con servicios\u201d, y sum\u00f3 que \u201cgracias al convenio que firmamos con el @bancodelchaco, adjudicamos 5.000 cr\u00e9ditos para la construcci\u00f3n de viviendas en terreno propio, con 30 a\u00f1os de cancelaci\u00f3n\u201d. <\/p>\n<p>\u201cLos trabajadores y trabajadoras recibir\u00e1n un enorme beneficio gracias al Programa Cr\u00e9dito Argentino del Bicentenario para la Vivienda \u00danica Familiar destinada a Asociaciones Sindicales, Mutuales y Cooperativas\u201d, precis\u00f3 el gobernador, y remarc\u00f3: \u201cAl cr\u00e9dito le ponemos terreno, al terreno trabajo y al trabajo dignidad\u201d.<\/p>\n<div><\/div>\n<\/div>\n","protected":false},"excerpt":{"rendered":"<p>El gobernador Jorge Capitanich comparti\u00f3 este viernes con el ministro de Desarrollo Territorial y H\u00e1bitat de la Naci\u00f3n, Jorge Ferraresi, la entrega de nuevos cr\u00e9ditos para construcci\u00f3n de viviendas que tendr\u00e1 una gran cantidad de beneficiarios. En cuanto a la actividad, el mandatario provincial explic\u00f3 a trav\u00e9s de su cuenta personal que const\u00f3 de la [&hellip;]<\/p>\n","protected":false},"author":1,"featured_media":12268,"comment_status":"closed","ping_status":"closed","sticky":false,"template":"","format":"standard","meta":{"footnotes":""},"categories":[6],"tags":[],"class_list":{"0":"post-12267","1":"post","2":"type-post","3":"status-publish","4":"format-standard","5":"has-post-thumbnail","7":"category-chaco"},"_links":{"self":[{"href":"https:\/\/chacosintesis.com.ar\/index.php\/wp-json\/wp\/v2\/posts\/12267","targetHints":{"allow":["GET"]}}],"collection":[{"href":"https:\/\/chacosintesis.com.ar\/index.php\/wp-json\/wp\/v2\/posts"}],"about":[{"href":"https:\/\/chacosintesis.com.ar\/index.php\/wp-json\/wp\/v2\/types\/post"}],"author":[{"embeddable":true,"href":"https:\/\/chacosintesis.com.ar\/index.php\/wp-json\/wp\/v2\/users\/1"}],"replies":[{"embeddable":true,"href":"https:\/\/chacosintesis.com.ar\/index.php\/wp-json\/wp\/v2\/comments?post=12267"}],"version-history":[{"count":0,"href":"https:\/\/chacosintesis.com.ar\/index.php\/wp-json\/wp\/v2\/posts\/12267\/revisions"}],"wp:featuredmedia":[{"embeddable":true,"href":"https:\/\/chacosintesis.com.ar\/index.php\/wp-json\/wp\/v2\/media\/12268"}],"wp:attachment":[{"href":"https:\/\/chacosintesis.com.ar\/index.php\/wp-json\/wp\/v2\/media?parent=12267"}],"wp:term":[{"taxonomy":"category","embeddable":true,"href":"https:\/\/chacosintesis.com.ar\/index.php\/wp-json\/wp\/v2\/categories?post=12267"},{"taxonomy":"post_tag","embeddable":true,"href":"https:\/\/chacosintesis.com.ar\/index.php\/wp-json\/wp\/v2\/tags?post=12267"}],"curies":[{"name":"wp","href":"https:\/\/api.w.org\/{rel}","templated":true}]}}