{"id":12249,"date":"2021-10-07T16:24:21","date_gmt":"2021-10-07T19:24:21","guid":{"rendered":"https:\/\/chacosintesis.com.ar\/?p=12249"},"modified":"2021-10-07T16:37:50","modified_gmt":"2021-10-07T19:37:50","slug":"chaco-cambia-la-dignidad-de-las-personas-no-se-compra-se-gana-con-afecto-respeto-y-humildad","status":"publish","type":"post","link":"https:\/\/chacosintesis.com.ar\/index.php\/chaco-cambia-la-dignidad-de-las-personas-no-se-compra-se-gana-con-afecto-respeto-y-humildad\/","title":{"rendered":"Chaco Cambia: &#8220;La dignidad de las personas no se compra, se gana con afecto, respeto y humildad&#8221;"},"content":{"rendered":"<div dir=\"ltr\">Con una masiva presencia, se realiz\u00f3 un encuentro dirigencial del frente Chaco Cambia encabezados por los candidatos a diputado nacional y provincial Juan Carlos Polini y Leandro Zdero. Estuvieron presentes el ex gobernador Angel Rozas, legisladores provinciales y nacionales, intendentes, concejales, dirigentes y militantes de diversas localidades.<\/p>\n<p>En sus mensajes los candidatos coincidieron en marcar la importancia de las elecciones del pr\u00f3ximo 14 de noviembre \u201cEl 12 de septiembre el pueblo envi\u00f3 un mensaje muy claro en las urnas, pidi\u00f3 un cambio, una forma distinta de hacer pol\u00edtica con gente distinta \u00bfCu\u00e1l fue la respuesta del gobierno a esa demanda? Salir a repartir electrodom\u00e9sticos, o a inaugurar canillas especulando con el sufrimiento de quienes hace 17 a\u00f1os esperan que este gobierno cumpla la promesa de terminar el segundo acueducto, no entienden que la dignidad de las personas no se compra, se gana con afecto, respeto y humildad\u201d<\/p>\n<p>\u201cEste 14 de noviembre el pueblo del Chaco y de todo el pa\u00eds ratificar\u00e1 con m\u00e1s fuerza este mensaje para decirles \u00a1Basta!, hasta ac\u00e1 llegaron con el atropello, la soberbia y las humillaciones, queremos un Chaco distinto, en el que los sue\u00f1os se transformen en proyectos de vida, el cambio ya empez\u00f3, el 14 de noviembre es la primera parada hacia el 2023 cuando, entre todos, empezaremos a construir una provincia mejor\u201d<\/p><\/div>\n","protected":false},"excerpt":{"rendered":"<p>Con una masiva presencia, se realiz\u00f3 un encuentro dirigencial del frente Chaco Cambia encabezados por los candidatos a diputado nacional y provincial Juan Carlos Polini y Leandro Zdero. Estuvieron presentes el ex gobernador Angel Rozas, legisladores provinciales y nacionales, intendentes, concejales, dirigentes y militantes de diversas localidades. En sus mensajes los candidatos coincidieron en marcar [&hellip;]<\/p>\n","protected":false},"author":1,"featured_media":12250,"comment_status":"closed","ping_status":"closed","sticky":false,"template":"","format":"standard","meta":{"footnotes":""},"categories":[6],"tags":[],"class_list":{"0":"post-12249","1":"post","2":"type-post","3":"status-publish","4":"format-standard","5":"has-post-thumbnail","7":"category-chaco"},"_links":{"self":[{"href":"https:\/\/chacosintesis.com.ar\/index.php\/wp-json\/wp\/v2\/posts\/12249","targetHints":{"allow":["GET"]}}],"collection":[{"href":"https:\/\/chacosintesis.com.ar\/index.php\/wp-json\/wp\/v2\/posts"}],"about":[{"href":"https:\/\/chacosintesis.com.ar\/index.php\/wp-json\/wp\/v2\/types\/post"}],"author":[{"embeddable":true,"href":"https:\/\/chacosintesis.com.ar\/index.php\/wp-json\/wp\/v2\/users\/1"}],"replies":[{"embeddable":true,"href":"https:\/\/chacosintesis.com.ar\/index.php\/wp-json\/wp\/v2\/comments?post=12249"}],"version-history":[{"count":0,"href":"https:\/\/chacosintesis.com.ar\/index.php\/wp-json\/wp\/v2\/posts\/12249\/revisions"}],"wp:featuredmedia":[{"embeddable":true,"href":"https:\/\/chacosintesis.com.ar\/index.php\/wp-json\/wp\/v2\/media\/12250"}],"wp:attachment":[{"href":"https:\/\/chacosintesis.com.ar\/index.php\/wp-json\/wp\/v2\/media?parent=12249"}],"wp:term":[{"taxonomy":"category","embeddable":true,"href":"https:\/\/chacosintesis.com.ar\/index.php\/wp-json\/wp\/v2\/categories?post=12249"},{"taxonomy":"post_tag","embeddable":true,"href":"https:\/\/chacosintesis.com.ar\/index.php\/wp-json\/wp\/v2\/tags?post=12249"}],"curies":[{"name":"wp","href":"https:\/\/api.w.org\/{rel}","templated":true}]}}