{"id":12245,"date":"2021-10-07T09:43:44","date_gmt":"2021-10-07T12:43:44","guid":{"rendered":"https:\/\/chacosintesis.com.ar\/?p=12245"},"modified":"2021-10-07T10:06:53","modified_gmt":"2021-10-07T13:06:53","slug":"lesionaron-a-un-policia-cuando-intentaban-detener-al-dealer-de-un-barrio-de-saenz-pena","status":"publish","type":"post","link":"https:\/\/chacosintesis.com.ar\/index.php\/lesionaron-a-un-policia-cuando-intentaban-detener-al-dealer-de-un-barrio-de-saenz-pena\/","title":{"rendered":"Lesionaron a un polic\u00eda, cuando intentaban detener al &#8220;dealer&#8221; de un barrio de S\u00e1enz Pe\u00f1a"},"content":{"rendered":"<div dir=\"ltr\">Este mi\u00e9rcoles por la siesta, efectivos de la Divisi\u00f3n Microtr\u00e1fico Interior, llevaron a cabo dos allanamientos en el barrio Tiro Federal de S\u00e1enz Pe\u00f1a. En uno de ellos, no hallaron elementos de inter\u00e9s, pero en el otro s\u00ed, y detuvieron a un joven de 24 a\u00f1os.<\/p>\n<p>All\u00ed y en presencia de un testigo, el ayudante de fiscal orden\u00f3 el secuestro de 122 gramos de marihuana disgregada en diferentes formatos, 31,8 gramos de coca\u00edna, dos tel\u00e9fonos celulares, un revolver calibre 32, 7 proyectiles calibre 32, adem\u00e1s de una balanza de precisi\u00f3n. Sumado a eso, se secuestraron varios recortes de polietileno, una tijera y m\u00e1s de 15 mil pesos.<\/p>\n<p>Mientras esto suced\u00eda, varias personas en aparente disconformidad con la acci\u00f3n judicial, comenzaron a arrojar elementos contra los efectivos del COM, que se encontraban en custodia externa del per\u00edmetro.<\/p>\n<p>Durante la agresi\u00f3n, uno de los efectivos result\u00f3 con un corte en su cabeza, por lo que fue trasladado al Hospital 4 de Junio para su atenci\u00f3n m\u00e9dica. En tanto, los individuos fueron dispersados.<\/p>\n<p>Para finalizar la diligencia, se procedi\u00f3 al traslado del due\u00f1o de casa a la unidad donde fue notificado en la causa \u201cSupuesta Infracci\u00f3n a la Ley N\u00b0 23737 de Estupefacientes en Funci\u00f3n Ley N\u00b0 2304-N\u201d, de acuerdo a lo dispuesto por la Fiscal\u00eda Antidrogas N\u00b0 2.<\/p>\n<div><\/div>\n<div>DATA CHACO.-<\/div>\n<div><\/div>\n<\/div>\n","protected":false},"excerpt":{"rendered":"<p>Este mi\u00e9rcoles por la siesta, efectivos de la Divisi\u00f3n Microtr\u00e1fico Interior, llevaron a cabo dos allanamientos en el barrio Tiro Federal de S\u00e1enz Pe\u00f1a. En uno de ellos, no hallaron elementos de inter\u00e9s, pero en el otro s\u00ed, y detuvieron a un joven de 24 a\u00f1os. All\u00ed y en presencia de un testigo, el ayudante [&hellip;]<\/p>\n","protected":false},"author":1,"featured_media":12246,"comment_status":"closed","ping_status":"closed","sticky":false,"template":"","format":"standard","meta":{"footnotes":""},"categories":[6],"tags":[60],"class_list":{"0":"post-12245","1":"post","2":"type-post","3":"status-publish","4":"format-standard","5":"has-post-thumbnail","7":"category-chaco","8":"tag-featured"},"_links":{"self":[{"href":"https:\/\/chacosintesis.com.ar\/index.php\/wp-json\/wp\/v2\/posts\/12245","targetHints":{"allow":["GET"]}}],"collection":[{"href":"https:\/\/chacosintesis.com.ar\/index.php\/wp-json\/wp\/v2\/posts"}],"about":[{"href":"https:\/\/chacosintesis.com.ar\/index.php\/wp-json\/wp\/v2\/types\/post"}],"author":[{"embeddable":true,"href":"https:\/\/chacosintesis.com.ar\/index.php\/wp-json\/wp\/v2\/users\/1"}],"replies":[{"embeddable":true,"href":"https:\/\/chacosintesis.com.ar\/index.php\/wp-json\/wp\/v2\/comments?post=12245"}],"version-history":[{"count":0,"href":"https:\/\/chacosintesis.com.ar\/index.php\/wp-json\/wp\/v2\/posts\/12245\/revisions"}],"wp:featuredmedia":[{"embeddable":true,"href":"https:\/\/chacosintesis.com.ar\/index.php\/wp-json\/wp\/v2\/media\/12246"}],"wp:attachment":[{"href":"https:\/\/chacosintesis.com.ar\/index.php\/wp-json\/wp\/v2\/media?parent=12245"}],"wp:term":[{"taxonomy":"category","embeddable":true,"href":"https:\/\/chacosintesis.com.ar\/index.php\/wp-json\/wp\/v2\/categories?post=12245"},{"taxonomy":"post_tag","embeddable":true,"href":"https:\/\/chacosintesis.com.ar\/index.php\/wp-json\/wp\/v2\/tags?post=12245"}],"curies":[{"name":"wp","href":"https:\/\/api.w.org\/{rel}","templated":true}]}}