{"id":12239,"date":"2021-10-07T09:27:38","date_gmt":"2021-10-07T12:27:38","guid":{"rendered":"https:\/\/chacosintesis.com.ar\/?p=12239"},"modified":"2021-10-07T09:33:29","modified_gmt":"2021-10-07T12:33:29","slug":"polini-y-zdero-17-anos-400-millones-de-dolares-y-el-segundo-acueducto-sin-terminar","status":"publish","type":"post","link":"https:\/\/chacosintesis.com.ar\/index.php\/polini-y-zdero-17-anos-400-millones-de-dolares-y-el-segundo-acueducto-sin-terminar\/","title":{"rendered":"Polini y Zdero: &#8220;17 a\u00f1os, 400 millones de d\u00f3lares y el segundo acueducto sin terminar&#8221;"},"content":{"rendered":"<div dir=\"ltr\">En relaci\u00f3n a la inauguraci\u00f3n de la red de agua potable realizada por el gobernador Jorge Capitanich en la ciudad de Charata, los candidatos a diputado nacional y provincial de Chaco Cambia, Juan Carlos Polini y Leandro Zdero, dieron a conocer una carta reflexionando sobre lo que definieron como una burla a la necesidad de miles de chaque\u00f1os. \u00a0<\/p>\n<p>\u201cEn las \u00faltimas horas hemos visto al gobernador Jorge Capitanich emocionarse hasta las l\u00e1grimas por una obra que no es. Tal como lo hizo con la \u201cFiesta del Agua\u201d en 2009 y en 2015, lo volvi\u00f3 a hacer esta vez desde Charata, la utilizaci\u00f3n electoral del sufrimiento de miles de chaque\u00f1os que no pueden acceder a agua potable. Pasaron 17 a\u00f1os y U$D 400 millones de d\u00f3lares desde la promesa efectuada all\u00e1 por el a\u00f1o 2004 por el ex presidente N\u00e9stor Kirchner de llevar a cabo la obra del segundo acueducto. Repasemos la historia para que no nos tomen el pelo.<\/p>\n<p>A\u00f1o 2004: El ex presidente N\u00e9stor Kirchner visita la provincia. Desde Presidencia Roque S\u00e1enz Pe\u00f1a anuncia que el gobierno nacional realizar\u00e1 la obra del segundo acueducto y se har\u00e1 cargo del 100% del costo en el marco de la reparaci\u00f3n hist\u00f3rica para el norte argentino. <\/p>\n<p>A\u00f1o 2007: Tres a\u00f1os despu\u00e9s, el 15 de mayo, desde Margarita Bel\u00e9n, el presidente N\u00e9stor Kirchner junto a su esposa Cristina Kirchner vuelven a anunciar el lanzamiento de la primera etapa de la licitaci\u00f3n del segundo acueducto. \u00a0<\/p>\n<p>A\u00f1o 2008: El 25 de agosto \u00a0la presidenta Cristina Kirchner visita el Chaco. Desde Presidencia Roque S\u00e1enz Pe\u00f1a, junto al gobernador Jorge Capitanich, nuevamente se comprometen a construir el segundo acueducto. <\/p>\n<p>A\u00f1o 2009: El 17 de junio se realiza la Fiesta del Agua en Charata. El gobernador Capitanich y el titular del \u00a0Enhosa, Eduardo Bortolozzi, lanzan el llamado a licitaci\u00f3n nacional e internacional (Decreto 1156\/2009) para la construcci\u00f3n del segundo acueducto. Plazo de finalizaci\u00f3n de obra: 3 a\u00f1os (2012). Financiamiento: 70% BNDES (Banco Nacional de Desarrollo Social y Econ\u00f3mico de Brasil) y el 30% con aportes nacionales y recursos provinciales.<\/p>\n<p>A\u00f1o 2010: La C\u00e1mara de Diputados aprueba la Ley 1185-F (Ex Ley 6683). Se autoriza al Poder Ejecutivo a contraer cr\u00e9dito con el Banco Nacional do Desenvolvimiento (BNDES) de la Rep\u00fablica Federativa de Brasil hasta la suma de U$S 179.894.778,29 millones de d\u00f3lares para ser destinado a la obra &quot;Segundo Acueducto para el interior del Chaco&quot;. A este cr\u00e9dito se suman U$D 90 millones de d\u00f3lares provenientes del Fondo Sojero tambi\u00e9n previsto en el Decreto 1156\/09 y un cr\u00e9dito solicitado al Banco Naci\u00f3n por $60 millones \u00a0para establecer las cartas de cr\u00e9dito de la obra.<\/p>\n<p>A\u00f1o 2011: El 25 de febrero, en el Hotel Gualok de Presidencia Roque S\u00e1enz Pe\u00f1a se firma el contrato de inicio de obras. La obra ten\u00eda como plazo de finalizaci\u00f3n establecido por contrato julio de 2015. No se cumpli\u00f3<\/p>\n<p>A\u00f1o 2016: El gobierno chaque\u00f1o pidi\u00f3 pr\u00f3rroga al Banco de Brasil. En ese lapso la provincia tampoco reactiv\u00f3 la obra y venci\u00f3 la pr\u00f3rroga solicitada. A ra\u00edz del incumplimiento descripto anteriormente, el BNDES retuvo los U$D 47 millones de d\u00f3lares que restaban desembolsar.<\/p>\n<p>Frente a esta situaci\u00f3n, \u00a0el gobierno provincial env\u00eda un proyecto de Ley a la Legislatura para modificar la Ley 1885-F (la del cr\u00e9dito por U$D 179 millones de d\u00f3lares) por la cual se autoriza al Poder Ejecutivo provincial a cambiar la fuente de financiamiento que hasta ese momento proven\u00eda del BNDES. La modificaci\u00f3n se aprob\u00f3 con el voto favorable de 20 diputados del oficialismo. Los legisladores de Cambiemos votaron por la permanencia del proyecto en comisi\u00f3n hasta tanto se reciba la documentaci\u00f3n correspondiente. <\/p>\n<p>Cabe destacar que el convenio firmado oportunamente por el gobernador Jorge Capitanich con el BNDES establec\u00eda claramente las condiciones:<\/p>\n<p>Cl\u00e1usula 11.6: Ante la ocurrencia de cualquier evento de incumplimiento el BNDES podr\u00e1 declarar el vencimiento anticipado de la deuda y exigir el pago total <\/p>\n<p>Cl\u00e1usula 12.1: En la hip\u00f3tesis del cobro judicial, la provincia pagar\u00e1 al BNDES una multa del 10% sobre el principal y cargos de la deuda adem\u00e1s de otros gastos judiciales y honorarios<\/p>\n<p>Cl\u00e1usula 20.1: El presente contrato y las obligaciones del mismo se regir\u00e1n por la legislaci\u00f3n brasile\u00f1a <\/p>\n<p>Cl\u00e1usula 20.2: Se elige el fuero de la ciudad de R\u00edo de janeiro para dirimir cualquier controversia derivados de este contrato con la exclusi\u00f3n de cualquier otro<\/p>\n<p>A\u00f1o 2017: El 15 de febrero el gobierno nacional, representado por el ministro del Interior Rogelio Frigerio, \u00a0firma en la localidad de Hermoso Campo un convenio con la provincia del Chaco representada por el gobernador Domingo Peppo por el cual la Naci\u00f3n aporta U$D 137 millones de d\u00f3lares para reanudar y finalizar la obra del segundo acueducto.<\/p>\n<p>A\u00f1o 2021: A la fecha la obra no est\u00e1 terminada, la toma sobre el r\u00edo Paran\u00e1 esta inconclusa, por lo tanto es imposible que el agua que el gobernador Jorge Capitanich dice que lleg\u00f3 a Charata provenga del segundo acueducto. Si as\u00ed fuese, tambi\u00e9n deber\u00edan haber recibido agua potable, y en simult\u00e1neo, las otras localidades de la red que va hasta esa ciudad: Avia Terai, Napenay, Campo Largo, Corzuela o Las Bre\u00f1as. Siguen sin agua.<\/p>\n<p>El gobierno que lidera Jorge Capitanich lleva recibidos mas de U$D 400 millones de d\u00f3lares y el segundo acueducto sigue sin terminar. Los chaque\u00f1os seguimos pagando al BNDES y al Banco Naci\u00f3n por los cr\u00e9ditos tomados, importes que est\u00e1n incluidos en cada uno de los presupuestos provinciales, tambi\u00e9n en el correspondiente al a\u00f1o 2022.<\/p>\n<p>Miles de chaque\u00f1os siguen padeciendo las graves consecuencias de no acceder agua potable como consecuencia de la corrupci\u00f3n de su gesti\u00f3n. Capitanich no llora, se burla de los chaque\u00f1os.<\/p><\/div>\n","protected":false},"excerpt":{"rendered":"<p>En relaci\u00f3n a la inauguraci\u00f3n de la red de agua potable realizada por el gobernador Jorge Capitanich en la ciudad de Charata, los candidatos a diputado nacional y provincial de Chaco Cambia, Juan Carlos Polini y Leandro Zdero, dieron a conocer una carta reflexionando sobre lo que definieron como una burla a la necesidad de [&hellip;]<\/p>\n","protected":false},"author":1,"featured_media":12240,"comment_status":"closed","ping_status":"closed","sticky":false,"template":"","format":"standard","meta":{"footnotes":""},"categories":[6],"tags":[],"class_list":{"0":"post-12239","1":"post","2":"type-post","3":"status-publish","4":"format-standard","5":"has-post-thumbnail","7":"category-chaco"},"_links":{"self":[{"href":"https:\/\/chacosintesis.com.ar\/index.php\/wp-json\/wp\/v2\/posts\/12239","targetHints":{"allow":["GET"]}}],"collection":[{"href":"https:\/\/chacosintesis.com.ar\/index.php\/wp-json\/wp\/v2\/posts"}],"about":[{"href":"https:\/\/chacosintesis.com.ar\/index.php\/wp-json\/wp\/v2\/types\/post"}],"author":[{"embeddable":true,"href":"https:\/\/chacosintesis.com.ar\/index.php\/wp-json\/wp\/v2\/users\/1"}],"replies":[{"embeddable":true,"href":"https:\/\/chacosintesis.com.ar\/index.php\/wp-json\/wp\/v2\/comments?post=12239"}],"version-history":[{"count":0,"href":"https:\/\/chacosintesis.com.ar\/index.php\/wp-json\/wp\/v2\/posts\/12239\/revisions"}],"wp:featuredmedia":[{"embeddable":true,"href":"https:\/\/chacosintesis.com.ar\/index.php\/wp-json\/wp\/v2\/media\/12240"}],"wp:attachment":[{"href":"https:\/\/chacosintesis.com.ar\/index.php\/wp-json\/wp\/v2\/media?parent=12239"}],"wp:term":[{"taxonomy":"category","embeddable":true,"href":"https:\/\/chacosintesis.com.ar\/index.php\/wp-json\/wp\/v2\/categories?post=12239"},{"taxonomy":"post_tag","embeddable":true,"href":"https:\/\/chacosintesis.com.ar\/index.php\/wp-json\/wp\/v2\/tags?post=12239"}],"curies":[{"name":"wp","href":"https:\/\/api.w.org\/{rel}","templated":true}]}}