{"id":12223,"date":"2021-10-05T19:46:39","date_gmt":"2021-10-05T22:46:39","guid":{"rendered":"https:\/\/chacosintesis.com.ar\/?p=12223"},"modified":"2021-10-05T20:07:16","modified_gmt":"2021-10-05T23:07:16","slug":"chaco-no-registro-fallecidos-y-sumo-8-casos-de-covid-19","status":"publish","type":"post","link":"https:\/\/chacosintesis.com.ar\/index.php\/chaco-no-registro-fallecidos-y-sumo-8-casos-de-covid-19\/","title":{"rendered":"Chaco no registr\u00f3 fallecidos y sum\u00f3 8 casos de COVID-19"},"content":{"rendered":"<div dir=\"ltr\">Seg\u00fan el reporte vespertino del Ministerio de Salud de la naci\u00f3n, murieron 40 personas y 1.216 fueron reportadas con coronavirus en las \u00faltimas 24 horas en todo el pa\u00eds. Desde el inicio de la pandemia, los contagiados suman 5.261.935 y los fallecidos 115.323 en todo el territorio nacional.<\/p>\n<p>Otras 40 personas murieron y 1.216 fueron reportadas con coronavirus en las \u00faltimas 24 horas en la Argentina, con lo que suman 115.323 los fallecidos registrados oficialmente a nivel nacional y 5.261.935 los contagiados desde el inicio de la pandemia, inform\u00f3 este martes el Ministerio de Salud.<\/p>\n<p>A trav\u00e9s de un tuit en su cuenta, la ministra Carla Vizzotti afirm\u00f3 hoy que &quot;el 50% de los argentinos y argentinas tiene su esquema de vacunaci\u00f3n completo. Esto es una realidad gracias a la confianza de la poblaci\u00f3n en las vacunas y al trabajo de las y los vacunadores&quot;.<\/p>\n<p>Y agreg\u00f3 que &quot;antes de fin de a\u00f1o todos los mayores de 3 a\u00f1os tendr\u00e1n su vacuna disponible&quot;.<\/p>\n<p>La cartera sanitaria indic\u00f3 que son 1.021 los internados con coronavirus en unidades de terapia intensiva, con un porcentaje de ocupaci\u00f3n de camas de adultos de 36,1% en el pa\u00eds y del 41,2% en la \u00c1rea Metropolitana Buenos Aires.<\/p>\n<p>Un 51,31% (624 personas) de los infectados de hoy (1.216) corresponden a la Ciudad y a la provincia de Buenos Aires.<\/p>\n<p>De los 5.261.935 contagiados, el 97,41% (5.126.085) recibi\u00f3 el alta y 20.527 son casos confirmados activos.<\/p>\n<p>El reporte consign\u00f3 que fallecieron 20 hombres y 17 mujeres, mientras que una persona de La Pampa y dos de Santa Fe fueron reportadas sin dato de sexo.<\/p>\n<p>El parte precis\u00f3 que murieron 4 hombres en Buenos Aires; 1 en Corrientes; 3 en C\u00f3rdoba; 1 en Jujuy; 1 en La Pampa; 1 en Mendoza; 2 en R\u00edo Negro; 2 en Salta; 1 en Santa Cruz; 1 en Santa Fe; y 3 en Tucum\u00e1n.<\/p>\n<p>Tambi\u00e9n fallecieron 1 en Buenos Aires; 2 en la Ciudad de Buenos Aires; 1 en Catamarca; 2 en C\u00f3rdoba; 1 en La Pampa; 1 en R\u00edo Negro; 3 en Salta; 2 en Santa Fe; 1 en Santiago del Estero y 3 en Tucum\u00e1n.<\/p>\n<p>Se registraron en la provincia de Buenos Aires 484 casos; en la Ciudad de Buenos Aires, 140; en Catamarca, 10; en Chaco, 8; en Chubut, 35; en Corrientes, 65; en C\u00f3rdoba, 125; en Entre R\u00edos, 17; en Formosa, 13; en Jujuy, 14; en La Pampa, 9; en La Rioja, 19; en Mendoza, 23; en Misiones, 3; en Neuqu\u00e9n, 21; en R\u00edo Negro, 24; en Salta, 52; en San Juan, 6; en San Luis, 6; en Santa Cruz, 9; en Santa Fe, 38; en Santiago del Estero, 27; en Tierra del Fuego, 2 y en Tucum\u00e1n, 66.<\/p>\n<p>El Ministerio indic\u00f3 adem\u00e1s que se realizaron en las \u00faltimas 24 horas 52.457 testeos y desde el inicio del brote ascienden a 24.051.955 las pruebas diagn\u00f3sticas para esta enfermedad.<\/p>\n<p>El total de acumulados por distrito indica que la provincia de Buenos Aires suma 2.060.335 casos; la Ciudad de Buenos Aires, 513.357; Catamarca, 51.126; Chaco, 100.268; Chubut, 83.068; Corrientes, 92.380; C\u00f3rdoba, 517.376; Entre R\u00edos, 136.634; Formosa, 62.068; Jujuy, 48.053; La Pampa, 68.329; La Rioja, 33.427; Mendoza, 164.827; Misiones, 36.405; Neuqu\u00e9n, 113.286; R\u00edo Negro, 100.230; Salta, 84.423; San Juan, 69.890; San Luis, 80.478; Santa Cruz, 59.484; Santa Fe, 469.290; Santiago del Estero, 81.388; Tierra del Fuego, 32.377 y Tucum\u00e1n, 203.436.<\/p>\n<p>Se incluyen casos existentes en las Islas Malvinas seg\u00fan informaci\u00f3n de prensa (debido a la ocupaci\u00f3n ilegal del Reino Unido, Gran Breta\u00f1a e Irlanda del Norte no es posible contar con informaci\u00f3n propia sobre el impacto de la Covid-19 en esa parte del territorio argentino).<\/p>\n<div><\/div>\n<\/div>\n","protected":false},"excerpt":{"rendered":"<p>Seg\u00fan el reporte vespertino del Ministerio de Salud de la naci\u00f3n, murieron 40 personas y 1.216 fueron reportadas con coronavirus en las \u00faltimas 24 horas en todo el pa\u00eds. Desde el inicio de la pandemia, los contagiados suman 5.261.935 y los fallecidos 115.323 en todo el territorio nacional. Otras 40 personas murieron y 1.216 fueron [&hellip;]<\/p>\n","protected":false},"author":1,"featured_media":12224,"comment_status":"closed","ping_status":"closed","sticky":false,"template":"","format":"standard","meta":{"footnotes":""},"categories":[6],"tags":[],"class_list":{"0":"post-12223","1":"post","2":"type-post","3":"status-publish","4":"format-standard","5":"has-post-thumbnail","7":"category-chaco"},"_links":{"self":[{"href":"https:\/\/chacosintesis.com.ar\/index.php\/wp-json\/wp\/v2\/posts\/12223","targetHints":{"allow":["GET"]}}],"collection":[{"href":"https:\/\/chacosintesis.com.ar\/index.php\/wp-json\/wp\/v2\/posts"}],"about":[{"href":"https:\/\/chacosintesis.com.ar\/index.php\/wp-json\/wp\/v2\/types\/post"}],"author":[{"embeddable":true,"href":"https:\/\/chacosintesis.com.ar\/index.php\/wp-json\/wp\/v2\/users\/1"}],"replies":[{"embeddable":true,"href":"https:\/\/chacosintesis.com.ar\/index.php\/wp-json\/wp\/v2\/comments?post=12223"}],"version-history":[{"count":0,"href":"https:\/\/chacosintesis.com.ar\/index.php\/wp-json\/wp\/v2\/posts\/12223\/revisions"}],"wp:featuredmedia":[{"embeddable":true,"href":"https:\/\/chacosintesis.com.ar\/index.php\/wp-json\/wp\/v2\/media\/12224"}],"wp:attachment":[{"href":"https:\/\/chacosintesis.com.ar\/index.php\/wp-json\/wp\/v2\/media?parent=12223"}],"wp:term":[{"taxonomy":"category","embeddable":true,"href":"https:\/\/chacosintesis.com.ar\/index.php\/wp-json\/wp\/v2\/categories?post=12223"},{"taxonomy":"post_tag","embeddable":true,"href":"https:\/\/chacosintesis.com.ar\/index.php\/wp-json\/wp\/v2\/tags?post=12223"}],"curies":[{"name":"wp","href":"https:\/\/api.w.org\/{rel}","templated":true}]}}