{"id":12188,"date":"2021-10-04T08:51:52","date_gmt":"2021-10-04T11:51:52","guid":{"rendered":"https:\/\/chacosintesis.com.ar\/?p=12188"},"modified":"2021-10-04T09:07:04","modified_gmt":"2021-10-04T12:07:04","slug":"con-multiple-obras-inauguradas-reconocimiento-y-firmas-de-convenios-castelli-celebro-85-anos","status":"publish","type":"post","link":"https:\/\/chacosintesis.com.ar\/index.php\/con-multiple-obras-inauguradas-reconocimiento-y-firmas-de-convenios-castelli-celebro-85-anos\/","title":{"rendered":"Con m\u00faltiple obras inauguradas, reconocimiento y firmas de convenios, Castelli celebr\u00f3 85 a\u00f1os"},"content":{"rendered":"<div dir=\"ltr\">El gobernador Jorge Capitanich y la vicegobernadora Anal\u00eda Rach Quiroga encabezaron el acto por el 85\u00b0 aniversario de Juan Jos\u00e9 Castelli y junto al intendente P\u00edo Sander, inauguraron m\u00faltiples obras para el municipio. \u201cTuvimos una agenda intensa, con una serie de inauguraciones y eventos para venir a conmemorar aqu\u00ed con todo el pueblo de Castelli sus 85 a\u00f1os de existencia\u201d, dijo el mandatario, acompa\u00f1ado adem\u00e1s por el ministro de Gobierno, Juan Manuel Chapo; el ministro de Planificaci\u00f3n, Econom\u00eda e Infraestructura, Santiago P\u00e9rez Pons; la ministra de Desarrollo Social, P\u00eda Chiacchio Cavana; el presidente del Instituto de Cultura, Francisco Romero; y el administrador General de Vialidad Provincial, Hugo Varela; entre otros funcionarios del municipio y de la Provincia.<\/p>\n<p>Con una inversi\u00f3n de $277.363.620 quedaron inauguradas 10 cuadras de pavimento de la avenida Leandro Alem, entre avenidas Per\u00f3n y G\u00fcemes, financiada por el Banco Interamericano de Desarrollo (BID) y el Programa de Inversiones Municipales. La obra incluy\u00f3 la parquizaci\u00f3n, forestaci\u00f3n e iluminaci\u00f3n de la avenida, y en la ocasi\u00f3n inauguraron tambi\u00e9n la escultura \u201cOjos de agua\u201d del artista Ram\u00f3n Morales, de Venezuela.<\/p>\n<p>\u201cEs una obra espectacular porque son desag\u00fces pluviales de car\u00e1cter estructural para Castelli, conjuntamente con el alumbrado p\u00fablico con tecnolog\u00eda LED m\u00e1s esta avenida extraordinaria para conectar G\u00fcemes, Irigoyen y Per\u00f3n. Con estas obras estamos marcando un antes y un despu\u00e9s en Castelli porque ser\u00e1n cerca de 200 cuadras de pavimento urbano entre lo que ya hicimos y lo que a\u00fan tenemos planificado\u201d, destac\u00f3 Capitanich.<\/p>\n<p>Tambi\u00e9n se refaccion\u00f3 el parque 3 de Octubre con nueva iluminaci\u00f3n, intervenci\u00f3n que demand\u00f3 $10.000.000 por parte del municipio. Se hizo la instalaci\u00f3n el\u00e9ctrica subterr\u00e1nea para m\u00e1s de 40 luminarias LED de 100 watts, se colocaron tres jirafas doble pescante con focos de 150 watts para iluminar tres calles que rodean el parque y m\u00e1s jirafas doble pescante con iluminaci\u00f3n de \u00faltima tecnolog\u00eda de 225 watts para mejorar la iluminaci\u00f3n de la avenida Libertadores de Am\u00e9rica. Adem\u00e1s, se construyeron veredas perimetrales, se instalaron juegos biosaludables y alcantarillas de mamposter\u00eda.<\/p>\n<p>En este parque el gobernador entreg\u00f3 un tractor doble tracci\u00f3n 4&#215;4 de 105 hp y una rastra de tiro exc\u00e9ntrico de 18 discos de 24\u2019\u2019, ambos con una inversi\u00f3n de $ 8.061.810 financiado por el Instituto de Agricultura Familiar y Econom\u00eda Popular (IAFEP) y destinados al consorcio productivo de servicios rurales N\u00ba 102 del paraje \u201cEl Asustado\u201d. El consorcio cuenta con m\u00e1s de 85 socios y abarca un radio de 45 kil\u00f3metros del municipio. Y tambi\u00e9n con una inversi\u00f3n municipal de $5.000.000 inauguraron una obra muy significativa para la comunidad. Se trata de la plazoleta \u201cLa Estaci\u00f3n\u201d, ubicada sobre avenida G\u00fcemes prolongaci\u00f3n norte, donde se pueden observar recreaciones relacionadas con la llegada del tren. Se construyeron veredas, rampas de acceso, canal desag\u00fce, alcantarillas, instalaci\u00f3n el\u00e9ctrica y and\u00e9n. Ah\u00ed qued\u00f3 emplazada una r\u00e9plica de la primera locomotora que arrib\u00f3 a la antigua estaci\u00f3n de trenes, punto fundacional para el impulso de la ciudad de Juan Jos\u00e9 Castelli.<\/p>\n<p>Asociaci\u00f3n de Veteranos<\/p>\n<p>En la oportunidad inauguraron tambi\u00e9n la refacci\u00f3n y ampliaci\u00f3n del edificio de la Asociaci\u00f3n Civil Veteranos de guerra \u201cCelso P\u00e1ez\u201d, que implic\u00f3 una inversi\u00f3n de $14.572.249 financiada por el Ministerio de Planificaci\u00f3n, Econom\u00eda e Infraestructura. All\u00ed se ejecutaron terminaciones dentro y fuera del sal\u00f3n de usos m\u00faltiples (que se proyecta sea un museo a futuro), ba\u00f1os p\u00fablicos, dep\u00f3sito y un m\u00e1stil en el play\u00f3n de eventos.<\/p>\n<p>\u201cTrabajamos en una agenda por el rescate de la memoria colectiva de Malvinas en virtud de los 40 a\u00f1os que se celebra el 2022, y esta agenda incluye obras de infraestructura, fortalecimiento de red de museos y queremos generarlo en todas las localidades. Tenemos cerca de 6 centros y el museo de Malvinas en Resistencia porque la causa Malvinas est\u00e1 presente en el gobierno chaque\u00f1o\u201d, sostuvo el mandatario.<\/p>\n<p>Delegaci\u00f3n de Trabajo<\/p>\n<p>Como parte de la gran cantidad de obras se habilit\u00f3 adem\u00e1s el edificio de la Delegaci\u00f3n de Trabajo, que implic\u00f3 $6.288.944 de inversi\u00f3n, tambi\u00e9n financiado por el Ministerio de Planificaci\u00f3n, Econom\u00eda e Infraestructura. Cuenta con un sector de recepci\u00f3n, sala de espera, ba\u00f1os, oficina, sala de mediaci\u00f3n y espacio de archivo. Para la construcci\u00f3n de este lugar, se cedi\u00f3 el terreno perteneciente al Registro Civil de la localidad y se liber\u00f3 el l\u00edmite perimetral de ambos edificios para conectarlos a futuro a trav\u00e9s de un parque lineal.<\/p>\n<p>El ministro Chapo destac\u00f3 que esta es la primera vez que el organismo cuenta con un edificio propio en Castelli, que se suma al nuevo edificio del Registro Civil inaugurado este a\u00f1o. \u201cHemos cumplido con el compromiso asumido en el 2020 de garantizar los derechos laborales de las y los trabajadores de la localidad\u201d, enfatiz\u00f3 el funcionario.<\/p>\n<p>Reconocimientos y convenios<\/p>\n<p>Durante el acto, se hicieron reconocimientos personales y a instituciones pioneras de la localidad. Entregaron resoluciones de jubilaci\u00f3n a m\u00e1s de 60 mujeres mayores de 60 a\u00f1os.<\/p>\n<p>Tambi\u00e9n, la ministra Chiacchio Cavana firm\u00f3 un convenio de Mercados Populares en el marco del programa provincial Emprendemos todos para destinar recursos provinciales a la infraestructura de las y los m\u00e1s de 1.000 emprendedores de la localidad. Adem\u00e1s se firm\u00f3 un convenio con el Instituto de Cultura, en el marco del programa \u201cChaco Celebra\u201d para fortalecer identidades locales y procesos de memoria que sostienen a la comunidad.\u00a0 Ambos convenios rubricados por el gobernador y la vicegobernadora.<\/p>\n<div><\/div>\n<div><\/div>\n<\/div>\n","protected":false},"excerpt":{"rendered":"<p>El gobernador Jorge Capitanich y la vicegobernadora Anal\u00eda Rach Quiroga encabezaron el acto por el 85\u00b0 aniversario de Juan Jos\u00e9 Castelli y junto al intendente P\u00edo Sander, inauguraron m\u00faltiples obras para el municipio. \u201cTuvimos una agenda intensa, con una serie de inauguraciones y eventos para venir a conmemorar aqu\u00ed con todo el pueblo de Castelli [&hellip;]<\/p>\n","protected":false},"author":1,"featured_media":12189,"comment_status":"closed","ping_status":"closed","sticky":false,"template":"","format":"standard","meta":{"footnotes":""},"categories":[6],"tags":[60],"class_list":{"0":"post-12188","1":"post","2":"type-post","3":"status-publish","4":"format-standard","5":"has-post-thumbnail","7":"category-chaco","8":"tag-featured"},"_links":{"self":[{"href":"https:\/\/chacosintesis.com.ar\/index.php\/wp-json\/wp\/v2\/posts\/12188","targetHints":{"allow":["GET"]}}],"collection":[{"href":"https:\/\/chacosintesis.com.ar\/index.php\/wp-json\/wp\/v2\/posts"}],"about":[{"href":"https:\/\/chacosintesis.com.ar\/index.php\/wp-json\/wp\/v2\/types\/post"}],"author":[{"embeddable":true,"href":"https:\/\/chacosintesis.com.ar\/index.php\/wp-json\/wp\/v2\/users\/1"}],"replies":[{"embeddable":true,"href":"https:\/\/chacosintesis.com.ar\/index.php\/wp-json\/wp\/v2\/comments?post=12188"}],"version-history":[{"count":0,"href":"https:\/\/chacosintesis.com.ar\/index.php\/wp-json\/wp\/v2\/posts\/12188\/revisions"}],"wp:featuredmedia":[{"embeddable":true,"href":"https:\/\/chacosintesis.com.ar\/index.php\/wp-json\/wp\/v2\/media\/12189"}],"wp:attachment":[{"href":"https:\/\/chacosintesis.com.ar\/index.php\/wp-json\/wp\/v2\/media?parent=12188"}],"wp:term":[{"taxonomy":"category","embeddable":true,"href":"https:\/\/chacosintesis.com.ar\/index.php\/wp-json\/wp\/v2\/categories?post=12188"},{"taxonomy":"post_tag","embeddable":true,"href":"https:\/\/chacosintesis.com.ar\/index.php\/wp-json\/wp\/v2\/tags?post=12188"}],"curies":[{"name":"wp","href":"https:\/\/api.w.org\/{rel}","templated":true}]}}