{"id":12166,"date":"2021-10-02T10:13:09","date_gmt":"2021-10-02T13:13:09","guid":{"rendered":"https:\/\/chacosintesis.com.ar\/?p=12166"},"modified":"2021-10-02T10:36:51","modified_gmt":"2021-10-02T13:36:51","slug":"campana-algodonera-2021-2022-asistencia-provincial-por-233-millones-de-pesos-para-unas-60-mil-hectareas","status":"publish","type":"post","link":"https:\/\/chacosintesis.com.ar\/index.php\/campana-algodonera-2021-2022-asistencia-provincial-por-233-millones-de-pesos-para-unas-60-mil-hectareas\/","title":{"rendered":"Campa\u00f1a algodonera 2021-2022: asistencia provincial por 233 millones de pesos para unas 60 mil hect\u00e1reas"},"content":{"rendered":"<div dir=\"ltr\">Con cerca de 200 mil hect\u00e1reas de superficie sembrada de algod\u00f3n, Chaco lider\u00f3 la temporada anterior, y la perspectiva para este nuevo a\u00f1o es poder incrementar a 260 mil hect\u00e1reas. &quot;Tenemos claro el objetivo de seguir sosteniendo y apuntalando nuestra concepci\u00f3n de provincia algodonera&quot;, asegur\u00f3 el gobernador.<\/p>\n<p>Desde el complejo industrial de la firma Gensus SA en Avia Terai, el Gobierno provincial lanz\u00f3 este viernes la campa\u00f1a algodonera 2021-2022 que asistir\u00e1 a 900 productores con una inversi\u00f3n de 233 millones de pesos, abarcando unas 60 mil hect\u00e1reas. En ese marco el gobernador Jorge Capitanich, acompa\u00f1ado del ministro de Producci\u00f3n, Industria y Empleo, Sebasti\u00e1n Lifton, entreg\u00f3 semillas y combustible.<\/p>\n<p>La campa\u00f1a abarca a productores de hasta 300 hect\u00e1reas de algod\u00f3n, con entrega de semillas para 80 hect\u00e1reas (200 toneladas de semillas), adem\u00e1s de provisi\u00f3n de hasta 700 litros de gasoil en 2 etapas, la mitad para la siembra y el resto una vez constatada, lo que representa una asistencia r\u00e9cord para el sector en la provincia.<\/p>\n<p>Capitanich record\u00f3 que estas medidas forman parte del Plan Chaco 2030 y que el objetivo es llegar a las 3 millones de hect\u00e1reas productivas. \u201cCon esta proyecci\u00f3n, pretendemos generar 9 millones de toneladas de cereales y oleaginosas, 1.500 millones de d\u00f3lares de exportaci\u00f3n, con 5 millones de cabezas de ganado, que implicar\u00edan 250 mil trabajadores poniendo el esfuerzo y el compromiso por el desarrollo productivo, sostenible y sustentable en la provincia\u201d, dijo. Con cerca de 200 mil hect\u00e1reas de superficie sembrada de algod\u00f3n, Chaco lider\u00f3 la temporada anterior a nivel pa\u00eds, y la perspectiva para este nuevo a\u00f1o es poder incrementar a 260 mil hect\u00e1reas. \u201cTenemos claro el objetivo de seguir sosteniendo y apuntalando nuestra concepci\u00f3n de provincia algodonera\u201d, asegur\u00f3 el gobernador.<\/p>\n<p>Por eso resulta fundamental que en la campa\u00f1a que inicia hoy los productores cuenten con el respaldo financiero y log\u00edstico del Estado provincial, as\u00ed como con la continuidad del programa Semilleros y la solvencia del trabajo del INTA y de la firma Gensus -principales proveedores- en el desarrollo de variedades gen\u00e9ticas para una mejor productividad y rentabilidad.<\/p>\n<p>Uno de los principales problemas que deb\u00eda enfrentar el peque\u00f1o y mediano productor algodonero es que no pod\u00eda tener acceso al uso de semilla certificada, fiscalizada y de primera multiplicaci\u00f3n por los altos costos que esto representa. Para hacer frente a esta problem\u00e1tica, el Gobierno lleva adelante el programa Semilleros de Algod\u00f3n, con el objetivo de poder garantizarles acceso a esta herramienta fundamental en relaci\u00f3n tanto con el INTA como con Gensus.<\/p>\n<p>El rendimiento promedio hist\u00f3rico en la provincia estuvo en el orden de los 1.500 kilos por hect\u00e1rea. Desde que el Gobierno de la provincia viene implementando este programa, los rendimientos promedios en las cuatro \u00faltimas campa\u00f1as estuvieron en el orden de los 2.000 a 2.200 kilos por hect\u00e1rea, con rindes al desmote del 34% y mejoras marcadas en la calidad de la fibra. \u201cEs un desaf\u00edo de transferencia de tecnolog\u00eda y calidad. Para eso es muy importante la coordinaci\u00f3n entre empresas como Gensus, INTA y el Estado y productores asociados, con el desarrollo de una red institucional de impacto\u201d, sostuvo Capitanich.<\/p>\n<p>\u00a0<\/p>\n<p>Fondo Algodonero: discusi\u00f3n pendiente<\/p>\n<p>As\u00ed, asegur\u00f3 que este aumento en la productividad tendr\u00e1 un gran impacto en la cadena integrada de valor del algod\u00f3n en la provincia, mayor participaci\u00f3n en el mercado dom\u00e9stico, una plataforma de base exportadora y m\u00e1s empleos de calidad. \u201cHoy tienen cerca de 18 mil toneladas de fibra de consumo, y cuanto m\u00e1s f\u00e1bricas se instalen en la provincia m\u00e1s posibilidades tendr\u00e1n los productores de vender su producto a buen precio\u201d, se\u00f1al\u00f3.<\/p>\n<p>Pero para eso, reiter\u00f3 el mandatario chaque\u00f1o, es necesario que el Fondo Algodonero, que en esta campa\u00f1a aporta a la provincia 121 de los 233 millones de pesos que se invierten entre semillas y gasoil, tenga un aumento significativo. \u201cEs necesario que este fondo aumente a\u00fan m\u00e1s a cerca de mil millones de pesos. Es una discusi\u00f3n a\u00fan pendiente en la Argentina que implica un debate serio en el Congreso de la Naci\u00f3n\u201d, remarc\u00f3.<\/p>\n<p>\u201cLos productores chaque\u00f1os han demostrado la capacidad de superarse a\u00f1o tras a\u00f1o pero tenemos a\u00fan el desaf\u00edo de tener una cadena completamente integrada. Los chaque\u00f1os tendremos que unir esfuerzos para que la cadena de valor algodonera, los productores, las asociaciones, las entidades, las empresas, las familias, todos juntos defendamos nuestro producto esencial, nuestra cultura algodonera\u201d, reiter\u00f3.<\/p>\n<p>\u00a0<\/p>\n<p>R\u00e9gimen de fomento al Desarrollo Industrial<\/p>\n<p>En esa l\u00ednea, el presidente de Gensus, Pablo Vaquero, dijo que \u201cest\u00e1 pasando algo muy especial con el cultivo del algod\u00f3n que es importante contarlo\u201d, en relaci\u00f3n a la presentaci\u00f3n del proyecto de ley de fomento al Desarrollo Agroindustrial Federal Inclusivo, Sustentable y Exportador, que este jueves encabezaron el presidente de la Naci\u00f3n, Alberto Fern\u00e1ndez y la vicepresidenta Cristina Fern\u00e1ndez de Kirchner, y que fue consensuado con el Consejo Agroindustrial Argentino (CAA).<\/p>\n<p>\u201cHay un cap\u00edtulo de ese proyecto que va a hacer que se promueva, a trav\u00e9s del reintegro del impuesto a las ganancias, a los compradores que accedan a semillas fiscalizadas de aut\u00f3gamas y esto incluye al algod\u00f3n, con lo cual m\u00e1s productores se podr\u00e1n sumar a la siembra de algod\u00f3n de calidad\u201d, inform\u00f3, y manifest\u00f3: \u201ccomo nosotros siempre decimos, lo importante es que el productor sepa qu\u00e9 est\u00e1 sembrando, y el uso propio, ordenado y las semillas fiscalizadas son el camino\u201d.<\/p>\n<p>El ministro Lifton remarc\u00f3 que estas pol\u00edticas y acciones son el resultado de a\u00f1os de trabajo en conjunto entre el Estado y distintas entidades: \u201cHace 9 a\u00f1os trabajamos las provincias algodoneras con el INTA, para que hoy esas variedades que tanto desarrollo implic\u00f3 puedan estar en el mercado y que las provincias como Chaco puedan volcar a su programa de apoyo al peque\u00f1o y mediano productor\u201d, explic\u00f3. As\u00ed, reiter\u00f3 que el enfoque de todo este trabajo es posicionar cada vez m\u00e1s al Chaco como l\u00edder en producci\u00f3n algodonera: \u201cLo hemos logrado en la campa\u00f1a anterior y es muy probable que vuelva a repetirse esa situaci\u00f3n y estar por encima de las 200 mil hect\u00e1reas\u201d, precis\u00f3 el ministro.<\/p>\n<p>Participaron junto al gobernador y el ministro, el intendente de Avia Terai, H\u00e9ctor Pallares; la subsecretar\u00eda de Agricultura Flavia Francescutti; el director de Desarrollo Algodonero, Rub\u00e9n Bast; el director de Apoyo Territorial y Agencias, Marcelo Leyes; Federico Pochat, autoridad de GENSUS S.A; Diana Piedra (INTA); Victor Arocha (INTI); Julio Barrios Cima (Bolsa de Comercio del Chaco); H\u00e9ctor Linke (AAPA); Roberto Polich (FAA); Claudia Ver\u00f3n (UCAL).<\/p>\n<div><\/div>\n<div><\/div>\n<\/div>\n","protected":false},"excerpt":{"rendered":"<p>Con cerca de 200 mil hect\u00e1reas de superficie sembrada de algod\u00f3n, Chaco lider\u00f3 la temporada anterior, y la perspectiva para este nuevo a\u00f1o es poder incrementar a 260 mil hect\u00e1reas. &quot;Tenemos claro el objetivo de seguir sosteniendo y apuntalando nuestra concepci\u00f3n de provincia algodonera&quot;, asegur\u00f3 el gobernador. Desde el complejo industrial de la firma Gensus [&hellip;]<\/p>\n","protected":false},"author":1,"featured_media":12167,"comment_status":"closed","ping_status":"closed","sticky":false,"template":"","format":"standard","meta":{"footnotes":""},"categories":[6],"tags":[60],"class_list":{"0":"post-12166","1":"post","2":"type-post","3":"status-publish","4":"format-standard","5":"has-post-thumbnail","7":"category-chaco","8":"tag-featured"},"_links":{"self":[{"href":"https:\/\/chacosintesis.com.ar\/index.php\/wp-json\/wp\/v2\/posts\/12166","targetHints":{"allow":["GET"]}}],"collection":[{"href":"https:\/\/chacosintesis.com.ar\/index.php\/wp-json\/wp\/v2\/posts"}],"about":[{"href":"https:\/\/chacosintesis.com.ar\/index.php\/wp-json\/wp\/v2\/types\/post"}],"author":[{"embeddable":true,"href":"https:\/\/chacosintesis.com.ar\/index.php\/wp-json\/wp\/v2\/users\/1"}],"replies":[{"embeddable":true,"href":"https:\/\/chacosintesis.com.ar\/index.php\/wp-json\/wp\/v2\/comments?post=12166"}],"version-history":[{"count":0,"href":"https:\/\/chacosintesis.com.ar\/index.php\/wp-json\/wp\/v2\/posts\/12166\/revisions"}],"wp:featuredmedia":[{"embeddable":true,"href":"https:\/\/chacosintesis.com.ar\/index.php\/wp-json\/wp\/v2\/media\/12167"}],"wp:attachment":[{"href":"https:\/\/chacosintesis.com.ar\/index.php\/wp-json\/wp\/v2\/media?parent=12166"}],"wp:term":[{"taxonomy":"category","embeddable":true,"href":"https:\/\/chacosintesis.com.ar\/index.php\/wp-json\/wp\/v2\/categories?post=12166"},{"taxonomy":"post_tag","embeddable":true,"href":"https:\/\/chacosintesis.com.ar\/index.php\/wp-json\/wp\/v2\/tags?post=12166"}],"curies":[{"name":"wp","href":"https:\/\/api.w.org\/{rel}","templated":true}]}}