{"id":12132,"date":"2021-09-29T18:43:47","date_gmt":"2021-09-29T21:43:47","guid":{"rendered":"https:\/\/chacosintesis.com.ar\/?p=12132"},"modified":"2021-09-29T19:07:24","modified_gmt":"2021-09-29T22:07:24","slug":"capitanich-presenta-manana-el-presupuesto-general-2022-de-la-provincia","status":"publish","type":"post","link":"https:\/\/chacosintesis.com.ar\/index.php\/capitanich-presenta-manana-el-presupuesto-general-2022-de-la-provincia\/","title":{"rendered":"Capitanich presenta ma\u00f1ana el presupuesto general 2022 de la provincia"},"content":{"rendered":"<div dir=\"ltr\">Este jueves 30 de septiembre, desde las 8, el gobernador Jorge Capitanich realizar\u00e1 la presentaci\u00f3n del presupuesto general 2022 de la provincia ante diputados, en el Recinto de Sesiones Deolindo Felipe Bittel, ubicado en Brown 520.<\/p>\n<p>Con el objetivo de brindar una perspectiva integral sobre el proyecto de ley que contiene las proyecciones de gastos y recursos para el a\u00f1o 2022, el primer mandatario provincial brindar\u00e1 una exposici\u00f3n pormenorizada de las cuestiones tenidas en cuenta para su elaboraci\u00f3n.<\/p><\/div>\n","protected":false},"excerpt":{"rendered":"<p>Este jueves 30 de septiembre, desde las 8, el gobernador Jorge Capitanich realizar\u00e1 la presentaci\u00f3n del presupuesto general 2022 de la provincia ante diputados, en el Recinto de Sesiones Deolindo Felipe Bittel, ubicado en Brown 520. Con el objetivo de brindar una perspectiva integral sobre el proyecto de ley que contiene las proyecciones de gastos [&hellip;]<\/p>\n","protected":false},"author":1,"featured_media":12133,"comment_status":"closed","ping_status":"closed","sticky":false,"template":"","format":"standard","meta":{"footnotes":""},"categories":[6],"tags":[],"class_list":{"0":"post-12132","1":"post","2":"type-post","3":"status-publish","4":"format-standard","5":"has-post-thumbnail","7":"category-chaco"},"_links":{"self":[{"href":"https:\/\/chacosintesis.com.ar\/index.php\/wp-json\/wp\/v2\/posts\/12132","targetHints":{"allow":["GET"]}}],"collection":[{"href":"https:\/\/chacosintesis.com.ar\/index.php\/wp-json\/wp\/v2\/posts"}],"about":[{"href":"https:\/\/chacosintesis.com.ar\/index.php\/wp-json\/wp\/v2\/types\/post"}],"author":[{"embeddable":true,"href":"https:\/\/chacosintesis.com.ar\/index.php\/wp-json\/wp\/v2\/users\/1"}],"replies":[{"embeddable":true,"href":"https:\/\/chacosintesis.com.ar\/index.php\/wp-json\/wp\/v2\/comments?post=12132"}],"version-history":[{"count":0,"href":"https:\/\/chacosintesis.com.ar\/index.php\/wp-json\/wp\/v2\/posts\/12132\/revisions"}],"wp:featuredmedia":[{"embeddable":true,"href":"https:\/\/chacosintesis.com.ar\/index.php\/wp-json\/wp\/v2\/media\/12133"}],"wp:attachment":[{"href":"https:\/\/chacosintesis.com.ar\/index.php\/wp-json\/wp\/v2\/media?parent=12132"}],"wp:term":[{"taxonomy":"category","embeddable":true,"href":"https:\/\/chacosintesis.com.ar\/index.php\/wp-json\/wp\/v2\/categories?post=12132"},{"taxonomy":"post_tag","embeddable":true,"href":"https:\/\/chacosintesis.com.ar\/index.php\/wp-json\/wp\/v2\/tags?post=12132"}],"curies":[{"name":"wp","href":"https:\/\/api.w.org\/{rel}","templated":true}]}}