{"id":12122,"date":"2021-09-29T12:21:13","date_gmt":"2021-09-29T15:21:13","guid":{"rendered":"https:\/\/chacosintesis.com.ar\/?p=12122"},"modified":"2021-09-29T12:39:59","modified_gmt":"2021-09-29T15:39:59","slug":"este-miercoles-comienza-el-pago-de-salarios-a-estatales-chaquenos","status":"publish","type":"post","link":"https:\/\/chacosintesis.com.ar\/index.php\/este-miercoles-comienza-el-pago-de-salarios-a-estatales-chaquenos\/","title":{"rendered":"Este mi\u00e9rcoles comienza el pago de salarios a estatales chaque\u00f1os"},"content":{"rendered":"<div dir=\"ltr\">Tal como lo anunci\u00f3 el gobernador Jorge Capitanich, los salarios de la Administraci\u00f3n P\u00fablica provincial comenzar\u00e1n a pagarse este mi\u00e9rcoles 29 de septiembre para jubiladas y jubilados y este jueves 30 para las y los trabajadores activos. \u201cSe pagar\u00e1 con un aumento del 6% previsto, esto garantiza para toda la administraci\u00f3n p\u00fablica un incremento en el a\u00f1o del 45%\u201d, asegur\u00f3 el ministro de Planificaci\u00f3n, Econom\u00eda e Infraestructura Santiago P\u00e9rez Pons.<\/p>\n<p>De esta manera, se\u00f1al\u00f3 que \u201cel salario se recupera por encima de la inflaci\u00f3n\u201d. \u201cEl 2021 es el a\u00f1o de la recuperaci\u00f3n salarial\u201d, sostuvo.<\/p>\n<p>P\u00e9rez Pons destac\u00f3 que septiembre se tratar\u00e1 del sexto mes consecutivo en el que el gobierno provincial pagar\u00e1 salarios antes de comenzar el mes. \u201cEs muy importante porque las y los trabajadores p\u00fablicos, docentes, m\u00e9dicos, polic\u00edas, todas y todos los que trabajan en la administraci\u00f3n central, cobran los d\u00edas 29, 30 \u00f3 31 de cada mes, de una manera ordenada y con mucha previsibilidad\u201d, precis\u00f3.<\/p><\/div>\n","protected":false},"excerpt":{"rendered":"<p>Tal como lo anunci\u00f3 el gobernador Jorge Capitanich, los salarios de la Administraci\u00f3n P\u00fablica provincial comenzar\u00e1n a pagarse este mi\u00e9rcoles 29 de septiembre para jubiladas y jubilados y este jueves 30 para las y los trabajadores activos. \u201cSe pagar\u00e1 con un aumento del 6% previsto, esto garantiza para toda la administraci\u00f3n p\u00fablica un incremento en [&hellip;]<\/p>\n","protected":false},"author":1,"featured_media":12123,"comment_status":"closed","ping_status":"closed","sticky":false,"template":"","format":"standard","meta":{"footnotes":""},"categories":[6],"tags":[],"class_list":{"0":"post-12122","1":"post","2":"type-post","3":"status-publish","4":"format-standard","5":"has-post-thumbnail","7":"category-chaco"},"_links":{"self":[{"href":"https:\/\/chacosintesis.com.ar\/index.php\/wp-json\/wp\/v2\/posts\/12122","targetHints":{"allow":["GET"]}}],"collection":[{"href":"https:\/\/chacosintesis.com.ar\/index.php\/wp-json\/wp\/v2\/posts"}],"about":[{"href":"https:\/\/chacosintesis.com.ar\/index.php\/wp-json\/wp\/v2\/types\/post"}],"author":[{"embeddable":true,"href":"https:\/\/chacosintesis.com.ar\/index.php\/wp-json\/wp\/v2\/users\/1"}],"replies":[{"embeddable":true,"href":"https:\/\/chacosintesis.com.ar\/index.php\/wp-json\/wp\/v2\/comments?post=12122"}],"version-history":[{"count":0,"href":"https:\/\/chacosintesis.com.ar\/index.php\/wp-json\/wp\/v2\/posts\/12122\/revisions"}],"wp:featuredmedia":[{"embeddable":true,"href":"https:\/\/chacosintesis.com.ar\/index.php\/wp-json\/wp\/v2\/media\/12123"}],"wp:attachment":[{"href":"https:\/\/chacosintesis.com.ar\/index.php\/wp-json\/wp\/v2\/media?parent=12122"}],"wp:term":[{"taxonomy":"category","embeddable":true,"href":"https:\/\/chacosintesis.com.ar\/index.php\/wp-json\/wp\/v2\/categories?post=12122"},{"taxonomy":"post_tag","embeddable":true,"href":"https:\/\/chacosintesis.com.ar\/index.php\/wp-json\/wp\/v2\/tags?post=12122"}],"curies":[{"name":"wp","href":"https:\/\/api.w.org\/{rel}","templated":true}]}}