{"id":12056,"date":"2021-09-23T18:11:31","date_gmt":"2021-09-23T21:11:31","guid":{"rendered":"https:\/\/chacosintesis.com.ar\/?p=12056"},"modified":"2021-09-23T18:37:22","modified_gmt":"2021-09-23T21:37:22","slug":"se-presentaron-cinco-ofertas-para-ejecutar-la-red-de-agua-potable-para-avia-terai","status":"publish","type":"post","link":"https:\/\/chacosintesis.com.ar\/index.php\/se-presentaron-cinco-ofertas-para-ejecutar-la-red-de-agua-potable-para-avia-terai\/","title":{"rendered":"Se presentaron cinco ofertas para ejecutar la red de agua potable para Avia Terai"},"content":{"rendered":"<div dir=\"ltr\">Esta obra clave para garantizar la provisi\u00f3n de agua potable de calidad beneficiara a unas 1.800 familias.\u00a0 Cinco fueron las ofertas presentadas. Se prev\u00e9 que la obra comience a ejecutarse sobre finales de octubre.<\/p>\n<p>El gobernador Jorge Capitanich, acompa\u00f1ado por el titular de SAMEEP, Leonardo Aguz\u00edn y el directorio de la empresa estatal, particip\u00f3 de la apertura de sobres de la licitaci\u00f3n para construir la red de agua potable de Avia Terai. Se presentaron cinco ofertas para la ejecuci\u00f3n de esta obra clave para garantizar el acceso al agua potable a los vecinos de esta comunidad.<\/p>\n<p>\u00a0 \u201cEs un orgullo anunciar que en los pr\u00f3ximos meses 1.800 familias podr\u00e1n acceder a la universalizaci\u00f3n del servicio\u201d, remarc\u00f3 el gobernador.<\/p>\n<p>En este contexto destac\u00f3: \u00a0\u201cEl agua potable es vida, implica la reducci\u00f3n del riesgo sanitario y significa un progreso extraordinario. El segundo acueducto del interior es una obra compleja que requiere una gran asignaci\u00f3n de recursos y transforma nuestras comunidades\u201d.<\/p>\n<p>\u201cTodos los d\u00edas trabajamos en nuevas inversiones que tienen un impacto muy positivo y cambian la vida de las personas\u201d, asegur\u00f3 y resalt\u00f3 : \u201cMientras otros hablan, nosotros respondemos con hechos, garantizando derechos y concretando obras que son para siempre\u201d.<\/p>\n<p>Por su parte , el presidente de SAMEEP, Leonardo Aguz\u00edn se\u00f1al\u00f3 en declaraciones a Radio Provincia que esta importante obra publica brindar\u00e1 soluciones estructurales para una localidad como Avia Terai, muy afectada por las sucesivas sequias.<\/p>\n<p>\u201cEsta obra va a aprovechar plenamente el Segundo Acueducto del Interior, que es la estructura fundamental para dotar de agua potable a cada una de las localidades del interior, con la ejecuci\u00f3n de las redes de distribuci\u00f3n para llegar al hogar de cada vecino\u201d, dijo Aguz\u00edn.<\/p>\n<p>El titular de Sameep explic\u00f3 que la obra tiene una inversi\u00f3n aproximada a los 225 millones de pesos con financiamiento del gobierno nacional a trav\u00e9s del Programa Profesa y Enosa .<\/p>\n<p>Se presentaron cinco ofertas ,que posteriormente ser\u00e1n evaluadas por un comit\u00e9 especifico para la adjudicaci\u00f3n de la obra. Desde la empresa Sameep se estima que a finales del mes de octubre se iniciar\u00edan los primeros movimientos de tierra de esta obra clave para la provisi\u00f3n de agua potable.<\/p>\n<p>\u201cLa presentaci\u00f3n de cinco oferentes da muestra no solo del compromiso del gobierno para la generaci\u00f3n de obras publicas sino del empresariado que se comprometen a la ejecuci\u00f3n y la generaci\u00f3n de empleo genuino para los chaque\u00f1os\u201d, apunto el titular de Sameep.<\/p>\n<p>D\u00edas atr\u00e1s se realizaron la aperturas de sobres para obras con caracter\u00edsticas similares para las localidades de Concepci\u00f3n del Bermejo \u00a0y Los Frentones.<\/p><\/div>\n","protected":false},"excerpt":{"rendered":"<p>Esta obra clave para garantizar la provisi\u00f3n de agua potable de calidad beneficiara a unas 1.800 familias.\u00a0 Cinco fueron las ofertas presentadas. Se prev\u00e9 que la obra comience a ejecutarse sobre finales de octubre. El gobernador Jorge Capitanich, acompa\u00f1ado por el titular de SAMEEP, Leonardo Aguz\u00edn y el directorio de la empresa estatal, particip\u00f3 de [&hellip;]<\/p>\n","protected":false},"author":1,"featured_media":12057,"comment_status":"closed","ping_status":"closed","sticky":false,"template":"","format":"standard","meta":{"footnotes":""},"categories":[6],"tags":[],"class_list":{"0":"post-12056","1":"post","2":"type-post","3":"status-publish","4":"format-standard","5":"has-post-thumbnail","7":"category-chaco"},"_links":{"self":[{"href":"https:\/\/chacosintesis.com.ar\/index.php\/wp-json\/wp\/v2\/posts\/12056","targetHints":{"allow":["GET"]}}],"collection":[{"href":"https:\/\/chacosintesis.com.ar\/index.php\/wp-json\/wp\/v2\/posts"}],"about":[{"href":"https:\/\/chacosintesis.com.ar\/index.php\/wp-json\/wp\/v2\/types\/post"}],"author":[{"embeddable":true,"href":"https:\/\/chacosintesis.com.ar\/index.php\/wp-json\/wp\/v2\/users\/1"}],"replies":[{"embeddable":true,"href":"https:\/\/chacosintesis.com.ar\/index.php\/wp-json\/wp\/v2\/comments?post=12056"}],"version-history":[{"count":0,"href":"https:\/\/chacosintesis.com.ar\/index.php\/wp-json\/wp\/v2\/posts\/12056\/revisions"}],"wp:featuredmedia":[{"embeddable":true,"href":"https:\/\/chacosintesis.com.ar\/index.php\/wp-json\/wp\/v2\/media\/12057"}],"wp:attachment":[{"href":"https:\/\/chacosintesis.com.ar\/index.php\/wp-json\/wp\/v2\/media?parent=12056"}],"wp:term":[{"taxonomy":"category","embeddable":true,"href":"https:\/\/chacosintesis.com.ar\/index.php\/wp-json\/wp\/v2\/categories?post=12056"},{"taxonomy":"post_tag","embeddable":true,"href":"https:\/\/chacosintesis.com.ar\/index.php\/wp-json\/wp\/v2\/tags?post=12056"}],"curies":[{"name":"wp","href":"https:\/\/api.w.org\/{rel}","templated":true}]}}