{"id":1156,"date":"2019-01-17T08:41:30","date_gmt":"2019-01-17T11:41:30","guid":{"rendered":"https:\/\/chacosintesis.com.ar\/?p=1156"},"modified":"2019-01-17T10:03:05","modified_gmt":"2019-01-17T13:03:05","slug":"el-grupo-folklorico-chaqueno-la-incendiada-actuara-en-el-escenario-mayor-de-cosquin","status":"publish","type":"post","link":"https:\/\/chacosintesis.com.ar\/index.php\/el-grupo-folklorico-chaqueno-la-incendiada-actuara-en-el-escenario-mayor-de-cosquin\/","title":{"rendered":"El Grupo Folkl\u00f3rico chaque\u00f1o \u201cLa Incendiada\u201d actuar\u00e1 en el escenario mayor de Cosqu\u00edn"},"content":{"rendered":"\n<p><strong>Este 28 de Enero, en la Tercera Luna del 59\u00ba Edici\u00f3n del Festival Nacional de Folklore de Cosqu\u00edn 2019,&nbsp;actuar\u00e1 en el escenario mayor el Grupo Folkl\u00f3rico chaque\u00f1o \u201cLa Incendiada\u201d,&nbsp;&nbsp;un conjunto nacido en la ciudad de Resistencia y que viene cosechando \u00e9xitos en toda nuestra&nbsp;&nbsp;regi\u00f3n. La actuaci\u00f3n prevista para el lunes 28 se realizar\u00e1 dentro del marco de la presentaci\u00f3n de la \u201cFiesta de la Chacarera\u201d junto a Coco G\u00f3mez.<\/strong><\/p>\n\n\n\n<p>El grupo \u201cLa Incendiada\u201d inici\u00f3 su recorrido hace seis a\u00f1os y sus integrantes afirman que \u201cdesde que hemos comenzado nuestro trabajo ha sido reconocido, no s\u00f3lo en escenarios locales, sino tambi\u00e9n en provincias vecinas y otros pa\u00edses como Bolivia y Uruguay. \u201cLa Incendiada Folklore\u201d despliega cada vez que sube a los escenarios, un verdadero Show que contagia en minutos toda la alegr\u00eda de nuestra m\u00fasica norte\u00f1a.&nbsp;&nbsp;Seguramente este desempe\u00f1o es el que&nbsp;&nbsp;nos vali\u00f3 para ser invitados para participar de la Fiesta de la Chacarera del Monte en el escenario mayor de la 59\u00ba Edici\u00f3n del Festival Nacional de Folklore de Cosqu\u00edn 2019\u201d.<\/p>\n\n\n\n<p>\u201cActualmente estamos trabajando en nuestro segundo material discogr\u00e1fico que promete m\u00e1s m\u00fasica y alegr\u00eda, una aut\u00e9ntica Chaque\u00f1ada\u201d, destacaron.&nbsp;<\/p>\n\n\n\n<p>Los integrantes del Grupo \u201cLa Incendiada\u201d son: An\u00edbal \u201cEl&nbsp;Negro\u201d Ram\u00edrez&nbsp;(1\u00aa&nbsp;Guitarra arreglos musicales&nbsp;y Coros), &nbsp;Sebastiano \u201cEl Mago\u201d Risso Patr\u00f3n (acorde\u00f3n y Coros), Roberto \u201cRobert\u201d Piedrabuena ( 2\u00aa&nbsp;Voz), Gusty&nbsp;\u201cManteca\u201d Mart\u00ednez Carretero ( Bater\u00eda) y Daniel \u201cDani\u201d Sotelo ( 1\u00aa Voz y Guitarra Base).<\/p>\n","protected":false},"excerpt":{"rendered":"<p>Este 28 de Enero, en la Tercera Luna del 59\u00ba Edici\u00f3n del Festival Nacional de Folklore de Cosqu\u00edn 2019,&nbsp;actuar\u00e1 en el escenario mayor el Grupo Folkl\u00f3rico chaque\u00f1o \u201cLa Incendiada\u201d,&nbsp;&nbsp;un conjunto nacido en la ciudad de Resistencia y que viene cosechando \u00e9xitos en toda nuestra&nbsp;&nbsp;regi\u00f3n. La actuaci\u00f3n prevista para el lunes 28 se realizar\u00e1 dentro del [&hellip;]<\/p>\n","protected":false},"author":1,"featured_media":1157,"comment_status":"open","ping_status":"open","sticky":false,"template":"","format":"standard","meta":{"footnotes":""},"categories":[6],"tags":[60],"class_list":{"0":"post-1156","1":"post","2":"type-post","3":"status-publish","4":"format-standard","5":"has-post-thumbnail","7":"category-chaco","8":"tag-featured"},"_links":{"self":[{"href":"https:\/\/chacosintesis.com.ar\/index.php\/wp-json\/wp\/v2\/posts\/1156","targetHints":{"allow":["GET"]}}],"collection":[{"href":"https:\/\/chacosintesis.com.ar\/index.php\/wp-json\/wp\/v2\/posts"}],"about":[{"href":"https:\/\/chacosintesis.com.ar\/index.php\/wp-json\/wp\/v2\/types\/post"}],"author":[{"embeddable":true,"href":"https:\/\/chacosintesis.com.ar\/index.php\/wp-json\/wp\/v2\/users\/1"}],"replies":[{"embeddable":true,"href":"https:\/\/chacosintesis.com.ar\/index.php\/wp-json\/wp\/v2\/comments?post=1156"}],"version-history":[{"count":0,"href":"https:\/\/chacosintesis.com.ar\/index.php\/wp-json\/wp\/v2\/posts\/1156\/revisions"}],"wp:featuredmedia":[{"embeddable":true,"href":"https:\/\/chacosintesis.com.ar\/index.php\/wp-json\/wp\/v2\/media\/1157"}],"wp:attachment":[{"href":"https:\/\/chacosintesis.com.ar\/index.php\/wp-json\/wp\/v2\/media?parent=1156"}],"wp:term":[{"taxonomy":"category","embeddable":true,"href":"https:\/\/chacosintesis.com.ar\/index.php\/wp-json\/wp\/v2\/categories?post=1156"},{"taxonomy":"post_tag","embeddable":true,"href":"https:\/\/chacosintesis.com.ar\/index.php\/wp-json\/wp\/v2\/tags?post=1156"}],"curies":[{"name":"wp","href":"https:\/\/api.w.org\/{rel}","templated":true}]}}