{"id":1135,"date":"2019-01-16T11:24:01","date_gmt":"2019-01-16T14:24:01","guid":{"rendered":"https:\/\/chacosintesis.com.ar\/?p=1135"},"modified":"2019-01-16T11:24:01","modified_gmt":"2019-01-16T14:24:01","slug":"estos-seran-los-aumentos-para-beneficiarios-de-auh-y-jubilados-a-partir-de-marzo","status":"publish","type":"post","link":"https:\/\/chacosintesis.com.ar\/index.php\/estos-seran-los-aumentos-para-beneficiarios-de-auh-y-jubilados-a-partir-de-marzo\/","title":{"rendered":"Estos ser\u00e1n los aumentos para beneficiarios de AUH y jubilados a partir de marzo"},"content":{"rendered":"<p>La Administraci\u00f3n Nacional de la Seguridad Social aplicar\u00e1 incrementos,\u00a0entre el 8% y 12%, sobre los haberes de las prestaciones.<\/p>\n<p>Beneficiarios que perciben haberes por parte de la\u00a0<strong>Administraci\u00f3n Nacional de la Seguridad Social<\/strong>\u00a0(<strong>ANSES<\/strong>), recibir\u00e1n\u00a0<strong>aumentos<\/strong>\u00a0durante los primeros meses del\u00a0<strong>2019<\/strong>, producto de la\u00a0<strong>F\u00f3rmula de Movilidad<\/strong>.<\/p>\n<div id=\"dfpAds_video_in_read_parent\">\n<div id=\"dfpAds_video_in_read\" class=\"dfpAds \" data-google-query-id=\"CMHw5-e_8t8CFay6swod3lICXw\">\n<div id=\"eplAdDivvideoinread\"><\/div>\n<\/div>\n<\/div>\n<p>Seg\u00fan el\u00a0<a href=\"https:\/\/www.anses.gob.ar\/\">sitio oficial<\/a>\u00a0de ANSES, las subas se concretar\u00e1n en los meses de\u00a0<strong>marzo, junio, septiembre y diciembre<\/strong>\u00a0de acuerdo a la Ley 27.426.<\/p>\n<h3>Jubilaciones y Pensiones<\/h3>\n<p>El primer aumento para este sector llegar\u00e1 en marzo y el monto a cobrar ser\u00e1 de\u00a0<strong>$10.439<\/strong>\u00a0(m\u00ednima) y\u00a0<strong>$76.280<\/strong>\u00a0(m\u00e1xima)<br \/>\nAqu\u00ed es importante destacar que los montos definitivos no fueron oficialmente anunciados y los datos que incluye esta noticia est\u00e1n calculados en base a la ley vigente de actualizaci\u00f3n salarial social.<\/p>\n<h3>Asignaci\u00f3n Universal por Hijo (AUH)<\/h3>\n<p>En funci\u00f3n del mismo c\u00e1lculo de aumento, las personas que reciben una Asignaci\u00f3n Universal por hijo van a percibir\u00a0<strong>$2040<\/strong>\u00a0por cada ni\u00f1o. Eso si, para cobrar el aumento los padres tienen que completar con sus obligaciones en tiempo y forma (libretas).<\/p>\n<h3>Asignaci\u00f3n Familiar (SUAF)<\/h3>\n<p>La f\u00f3rmula de actualizaci\u00f3n tambi\u00e9n le corresponde a los que cobran dentro del SUAF. En consecuencia, en el mes de marzo, este tipo de asignaciones para gente que cobra el sueldo m\u00ednimo van a aumentar un<strong>aumento de alrededor del 7,8%.<\/strong><\/p>\n<p>Tabla de pagos con aumentos proyectados:<\/p>\n<p><img loading=\"lazy\" loading=\"lazy\" decoding=\"async\" src=\"data:image\/gif;base64,R0lGODlhAQABAIAAAAAAAP\/\/\/ywAAAAAAQABAAACAUwAOw==\" fifu-lazy=\"1\" fifu-data-sizes=\"auto\" fifu-data-srcset=\"https:\/\/i2.wp.com\/chacosintesis.com.ar\/wp-content\/uploads\/2019\/01\/ANSES-2-300x213.jpg?ssl=1&w=75&resize=75&ssl=1 75w, https:\/\/i2.wp.com\/chacosintesis.com.ar\/wp-content\/uploads\/2019\/01\/ANSES-2-300x213.jpg?ssl=1&w=100&resize=100&ssl=1 100w, https:\/\/i2.wp.com\/chacosintesis.com.ar\/wp-content\/uploads\/2019\/01\/ANSES-2-300x213.jpg?ssl=1&w=150&resize=150&ssl=1 150w, https:\/\/i2.wp.com\/chacosintesis.com.ar\/wp-content\/uploads\/2019\/01\/ANSES-2-300x213.jpg?ssl=1&w=240&resize=240&ssl=1 240w, https:\/\/i2.wp.com\/chacosintesis.com.ar\/wp-content\/uploads\/2019\/01\/ANSES-2-300x213.jpg?ssl=1&w=320&resize=320&ssl=1 320w, https:\/\/i2.wp.com\/chacosintesis.com.ar\/wp-content\/uploads\/2019\/01\/ANSES-2-300x213.jpg?ssl=1&w=500&resize=500&ssl=1 500w, https:\/\/i2.wp.com\/chacosintesis.com.ar\/wp-content\/uploads\/2019\/01\/ANSES-2-300x213.jpg?ssl=1&w=640&resize=640&ssl=1 640w, https:\/\/i2.wp.com\/chacosintesis.com.ar\/wp-content\/uploads\/2019\/01\/ANSES-2-300x213.jpg?ssl=1&w=800&resize=800&ssl=1 800w, https:\/\/i2.wp.com\/chacosintesis.com.ar\/wp-content\/uploads\/2019\/01\/ANSES-2-300x213.jpg?ssl=1&w=1024&resize=1024&ssl=1 1024w, https:\/\/i2.wp.com\/chacosintesis.com.ar\/wp-content\/uploads\/2019\/01\/ANSES-2-300x213.jpg?ssl=1&w=1280&resize=1280&ssl=1 1280w, https:\/\/i2.wp.com\/chacosintesis.com.ar\/wp-content\/uploads\/2019\/01\/ANSES-2-300x213.jpg?ssl=1&w=1600&resize=1600&ssl=1 1600w\" class=\"alignnone  wp-image-1136\" fifu-data-src=\"https:\/\/i2.wp.com\/chacosintesis.com.ar\/wp-content\/uploads\/2019\/01\/ANSES-2-300x213.jpg?ssl=1\" alt=\"\" width=\"599\" height=\"425\" \/><\/p>\n<h3>Pensiones No Contributivas (PNC)<\/h3>\n<p>En este caso el aumento rondar\u00e1 el 11,5% estipulado por los congresistas y la cifra total a percibir en marzo ser\u00e1 de\u00a0<strong>$7.300<\/strong>\u00a0aproximadamente.<\/p>\n<h3>Pensi\u00f3n para adultos mayores (PUAM)<\/h3>\n<p>Aquellos adultos mayores que no se pudieron jubilar en forma tradicional por carencia de aportes y que igual reciben una ayuda por vulnerabilidad etaria, van a cobrar cerca de\u00a0<strong>$8.340<\/strong>\u00a0en el mes de marzo.<\/p>\n<h3>Becas Progresar<\/h3>\n<p>En este caso tenemos dos tipos de incrementos de acuerdo al tipo de carrera que elija el beneficiario. Si el alumno estudia en primaria, secundaria el<strong>\u00a0aumento ser\u00e1 del 14%<\/strong>\u00a0aproximadamente. Si por el contrario el beneficiario estudia una carrera terciaria o universitaria el incremento rondar\u00e1 el 45% con un plus para las denominadas \u201ccarreras estrat\u00e9gicas\u201d. As\u00ed, las becas de estudio para marzo rondar\u00e1n los<strong>\u00a0$7.500<\/strong>.<\/p>\n<p>RADIO MITRE.-<\/p>\n","protected":false},"excerpt":{"rendered":"<p>La Administraci\u00f3n Nacional de la Seguridad Social aplicar\u00e1 incrementos,\u00a0entre el 8% y 12%, sobre los haberes de las prestaciones. Beneficiarios que perciben haberes por parte de la\u00a0Administraci\u00f3n Nacional de la Seguridad Social\u00a0(ANSES), recibir\u00e1n\u00a0aumentos\u00a0durante los primeros meses del\u00a02019, producto de la\u00a0F\u00f3rmula de Movilidad. Seg\u00fan el\u00a0sitio oficial\u00a0de ANSES, las subas se concretar\u00e1n en los meses de\u00a0marzo, junio, [&hellip;]<\/p>\n","protected":false},"author":1,"featured_media":1137,"comment_status":"open","ping_status":"open","sticky":false,"template":"","format":"standard","meta":{"footnotes":""},"categories":[8],"tags":[60],"class_list":{"0":"post-1135","1":"post","2":"type-post","3":"status-publish","4":"format-standard","5":"has-post-thumbnail","7":"category-nacionales","8":"tag-featured"},"_links":{"self":[{"href":"https:\/\/chacosintesis.com.ar\/index.php\/wp-json\/wp\/v2\/posts\/1135","targetHints":{"allow":["GET"]}}],"collection":[{"href":"https:\/\/chacosintesis.com.ar\/index.php\/wp-json\/wp\/v2\/posts"}],"about":[{"href":"https:\/\/chacosintesis.com.ar\/index.php\/wp-json\/wp\/v2\/types\/post"}],"author":[{"embeddable":true,"href":"https:\/\/chacosintesis.com.ar\/index.php\/wp-json\/wp\/v2\/users\/1"}],"replies":[{"embeddable":true,"href":"https:\/\/chacosintesis.com.ar\/index.php\/wp-json\/wp\/v2\/comments?post=1135"}],"version-history":[{"count":0,"href":"https:\/\/chacosintesis.com.ar\/index.php\/wp-json\/wp\/v2\/posts\/1135\/revisions"}],"wp:featuredmedia":[{"embeddable":true,"href":"https:\/\/chacosintesis.com.ar\/index.php\/wp-json\/wp\/v2\/media\/1137"}],"wp:attachment":[{"href":"https:\/\/chacosintesis.com.ar\/index.php\/wp-json\/wp\/v2\/media?parent=1135"}],"wp:term":[{"taxonomy":"category","embeddable":true,"href":"https:\/\/chacosintesis.com.ar\/index.php\/wp-json\/wp\/v2\/categories?post=1135"},{"taxonomy":"post_tag","embeddable":true,"href":"https:\/\/chacosintesis.com.ar\/index.php\/wp-json\/wp\/v2\/tags?post=1135"}],"curies":[{"name":"wp","href":"https:\/\/api.w.org\/{rel}","templated":true}]}}