{"id":1126,"date":"2019-01-16T11:11:11","date_gmt":"2019-01-16T14:11:11","guid":{"rendered":"https:\/\/chacosintesis.com.ar\/?p=1126"},"modified":"2019-01-16T11:11:11","modified_gmt":"2019-01-16T14:11:11","slug":"silva-y-verza-mas-cerca-del-objetivo","status":"publish","type":"post","link":"https:\/\/chacosintesis.com.ar\/index.php\/silva-y-verza-mas-cerca-del-objetivo\/","title":{"rendered":"Silva y Verza, m\u00e1s cerca del objetivo"},"content":{"rendered":"<p>Los chaque\u00f1os cumplieron de buena manera la etapa 8 y se posicionan dentro de los 20 mejores de la general.<\/p>\n<p>&nbsp;<\/p>\n<p>Juan Manuel Silva y Carlos Verza dejaron atr\u00e1s a la Etapa 8 del Dakar de Per\u00fa, que cont\u00f3 con un recorrido de 360 kil\u00f3metros de especial cronometrado y 215 de enlace. El \u201cPato\u201d complet\u00f3 en el 26\u00ba lugar de autos la jornada que uni\u00f3 las localidades de San Juan de Marcona y Pisco, sigue primero en UTV Open y en la General se ubica 19\u00ba. En tanto el \u2018Yaguaret\u00e9\u2019 cerr\u00f3 el d\u00eda en la 12\u00aa posici\u00f3n de los cuatriciclos y en el acumulado marcha 10\u00ba. Hoy se disputar\u00e1 la Etapa 9, la cual ser\u00e1 en rulo en Pisco, con un especial cronometrado de 313 kil\u00f3metros y 96 de enlace.<\/p>\n<p>Juan Manuel Silva tuvo otra positiva jornada con el CanAm Maverick X3 del Colcar Racing Team. Para el \u2018Pato\u2019 el martes tuvo 575 kil\u00f3metros de recorrido total entre San Juan de Marcona y Pisco, con un enlace cronometrado de 360. El piloto local emple\u00f3 un tiempo de 5h39m57s para terminar 26\u00ba en autos, a 1h45m04s de Sebastien Loeb, quien se qued\u00f3 con la Etapa.<\/p>\n<p>En UTV Open, la divisional en la cual compite por el modelo de su coche, el \u2018Pato\u2019 sigue primero con un tiempo total de 42h44m40s al cabo de ocho d\u00edas de competencia, y es perseguido por Adri\u00e1n Santos, quien marcha a 2h32m11s de diferencia. Este tiempo total ubica a Silva en el 19\u00ba puesto de la general de autos. \u201cPasamos la Etapa 8, estamos m\u00e1s cerca, por suerte viene funcionando todo muy bien. Estoy feliz, tambi\u00e9n cansado, est\u00e1 llegando el cansancio, ya son muchas horas arriba del auto, muchos d\u00edas, pero estamos m\u00e1s cerca del objetivo de llegar a Lima\u201d, dijo Juan Manuel Silva. Y a\u00f1adi\u00f3: \u201cHoy queda una etapa larga, similar a la de ayer, y el \u00faltimo d\u00eda ser\u00e1n menos kil\u00f3metros. A seguir haciendo fuerza y trabajando mucho junto al Colcar Racing Team\u201d.<\/p>\n<p>En tanto Carlos Verza se consolid\u00f3 en la 10\u00aa colocaci\u00f3n en la clasificaci\u00f3n General. El chaque\u00f1o, al mando de su cuatriciclo N\u00ba 252, termin\u00f3 en la 12\u00aa posici\u00f3n empleando 7h 34m 46s para recorrer los 215 kil\u00f3metros de enlace y 360 de especial que uni\u00f3 San Juan de Marcona y Pisco.<\/p>\n<p>Cabe destacar que la jornada del martes volvi\u00f3 a tener algunas complicaciones para el \u201cYaguaret\u00e9\u201d, aunque su experiencia le permiti\u00f3 sobreponerse y alcanzar la meta superando a varios rivales luego de que se mantuviera 15\u00ba durante buena parte de la segunda etapa m\u00e1s larga.<\/p>\n<p>Si bien se mantiene 10\u00ba en la General, marcha 8\u00ba en la categor\u00eda espec\u00edfica para cuatriciclos de hasta 750 cc.; y adem\u00e1s est\u00e1 7\u00ba en el rubro de \u201cmalles moto\u201d bajo la denominaci\u00f3n de Original By Motul, que lidera el motociclista holand\u00e9s Mark Tielemans.<\/p>\n<p><strong>La novena etapa<\/strong><\/p>\n<p>Hoy transcurrir\u00e1 la novena y pen\u00faltima etapa que volver\u00e1 a incluir un \u201crulo\u201d, en este caso Pisco Pisco. Ser\u00e1n 401 kil\u00f3metros en total, con 313 kil\u00f3metros de especial, constituy\u00e9ndose en la \u00faltima oportunidad para quienes buscan cambios en la clasificaci\u00f3n.<\/p>\n<p>DIARIO NORTE.-<\/p>\n","protected":false},"excerpt":{"rendered":"<p>Los chaque\u00f1os cumplieron de buena manera la etapa 8 y se posicionan dentro de los 20 mejores de la general. &nbsp; Juan Manuel Silva y Carlos Verza dejaron atr\u00e1s a la Etapa 8 del Dakar de Per\u00fa, que cont\u00f3 con un recorrido de 360 kil\u00f3metros de especial cronometrado y 215 de enlace. El \u201cPato\u201d complet\u00f3 [&hellip;]<\/p>\n","protected":false},"author":1,"featured_media":1127,"comment_status":"open","ping_status":"open","sticky":false,"template":"","format":"standard","meta":{"footnotes":""},"categories":[6],"tags":[60],"class_list":{"0":"post-1126","1":"post","2":"type-post","3":"status-publish","4":"format-standard","5":"has-post-thumbnail","7":"category-chaco","8":"tag-featured"},"_links":{"self":[{"href":"https:\/\/chacosintesis.com.ar\/index.php\/wp-json\/wp\/v2\/posts\/1126","targetHints":{"allow":["GET"]}}],"collection":[{"href":"https:\/\/chacosintesis.com.ar\/index.php\/wp-json\/wp\/v2\/posts"}],"about":[{"href":"https:\/\/chacosintesis.com.ar\/index.php\/wp-json\/wp\/v2\/types\/post"}],"author":[{"embeddable":true,"href":"https:\/\/chacosintesis.com.ar\/index.php\/wp-json\/wp\/v2\/users\/1"}],"replies":[{"embeddable":true,"href":"https:\/\/chacosintesis.com.ar\/index.php\/wp-json\/wp\/v2\/comments?post=1126"}],"version-history":[{"count":0,"href":"https:\/\/chacosintesis.com.ar\/index.php\/wp-json\/wp\/v2\/posts\/1126\/revisions"}],"wp:featuredmedia":[{"embeddable":true,"href":"https:\/\/chacosintesis.com.ar\/index.php\/wp-json\/wp\/v2\/media\/1127"}],"wp:attachment":[{"href":"https:\/\/chacosintesis.com.ar\/index.php\/wp-json\/wp\/v2\/media?parent=1126"}],"wp:term":[{"taxonomy":"category","embeddable":true,"href":"https:\/\/chacosintesis.com.ar\/index.php\/wp-json\/wp\/v2\/categories?post=1126"},{"taxonomy":"post_tag","embeddable":true,"href":"https:\/\/chacosintesis.com.ar\/index.php\/wp-json\/wp\/v2\/tags?post=1126"}],"curies":[{"name":"wp","href":"https:\/\/api.w.org\/{rel}","templated":true}]}}