{"id":1116,"date":"2019-01-15T08:32:04","date_gmt":"2019-01-15T11:32:04","guid":{"rendered":"https:\/\/chacosintesis.com.ar\/?p=1116"},"modified":"2019-01-15T08:40:58","modified_gmt":"2019-01-15T11:40:58","slug":"detuvieron-a-un-sospechoso-por-la-desaparicion-de-angelina","status":"publish","type":"post","link":"https:\/\/chacosintesis.com.ar\/index.php\/detuvieron-a-un-sospechoso-por-la-desaparicion-de-angelina\/","title":{"rendered":"Detuvieron a un sospechoso por la desaparici\u00f3n de Angelina"},"content":{"rendered":"<p>El detenido es oriundo de Laguna Limpia y se esperan las pericias para establecer su vinculaci\u00f3n con la menor.<\/p>\n<p>En la noche de este lunes, fuentes allegadas al caso de la desaparici\u00f3n de la menor Angelina C\u00e1ceres indicaron que los investigadores dieron con una persona con la que la adolescente habr\u00eda mantenido contacto a trav\u00e9s de la red social Facebook.<\/p>\n<p>Seg\u00fan se indic\u00f3 los peritos de la fuerza esperaban poder analizar el contenido del celular del sospechoso a fin de constatar la suposici\u00f3n.<\/p>\n<p>Angelina Ailen C\u00e1ceres, de 13 a\u00f1os, se encuentra desaparecida desde el 23 de diciembre, y la polic\u00eda y la justicia chaque\u00f1a se encuentran abocada a intensas tareas investigativas para dar con ella. Por su parte el gobierno dispuso una recompensa para quien brinde informaci\u00f3n que ayude a ubicarla.<\/p>\n<p>En relaci\u00f3n a la actividad de la menor en Facebook, d\u00edas atr\u00e1s NORTE inform\u00f3 que la Divisi\u00f3n Delitos Tecnol\u00f3gicos pudo detectar al menos seis perfiles de dicha red social en la PC de la ni\u00f1a, y se buscaba avanzar en posibles intercambios de mensajes con sus contactos para detectar pistas sobre su destino.<\/p>\n<p>DIARIO NORTE.-<\/p>\n","protected":false},"excerpt":{"rendered":"<p>El detenido es oriundo de Laguna Limpia y se esperan las pericias para establecer su vinculaci\u00f3n con la menor. En la noche de este lunes, fuentes allegadas al caso de la desaparici\u00f3n de la menor Angelina C\u00e1ceres indicaron que los investigadores dieron con una persona con la que la adolescente habr\u00eda mantenido contacto a trav\u00e9s [&hellip;]<\/p>\n","protected":false},"author":1,"featured_media":1118,"comment_status":"open","ping_status":"open","sticky":false,"template":"","format":"standard","meta":{"footnotes":""},"categories":[6],"tags":[60],"class_list":{"0":"post-1116","1":"post","2":"type-post","3":"status-publish","4":"format-standard","5":"has-post-thumbnail","7":"category-chaco","8":"tag-featured"},"_links":{"self":[{"href":"https:\/\/chacosintesis.com.ar\/index.php\/wp-json\/wp\/v2\/posts\/1116","targetHints":{"allow":["GET"]}}],"collection":[{"href":"https:\/\/chacosintesis.com.ar\/index.php\/wp-json\/wp\/v2\/posts"}],"about":[{"href":"https:\/\/chacosintesis.com.ar\/index.php\/wp-json\/wp\/v2\/types\/post"}],"author":[{"embeddable":true,"href":"https:\/\/chacosintesis.com.ar\/index.php\/wp-json\/wp\/v2\/users\/1"}],"replies":[{"embeddable":true,"href":"https:\/\/chacosintesis.com.ar\/index.php\/wp-json\/wp\/v2\/comments?post=1116"}],"version-history":[{"count":0,"href":"https:\/\/chacosintesis.com.ar\/index.php\/wp-json\/wp\/v2\/posts\/1116\/revisions"}],"wp:featuredmedia":[{"embeddable":true,"href":"https:\/\/chacosintesis.com.ar\/index.php\/wp-json\/wp\/v2\/media\/1118"}],"wp:attachment":[{"href":"https:\/\/chacosintesis.com.ar\/index.php\/wp-json\/wp\/v2\/media?parent=1116"}],"wp:term":[{"taxonomy":"category","embeddable":true,"href":"https:\/\/chacosintesis.com.ar\/index.php\/wp-json\/wp\/v2\/categories?post=1116"},{"taxonomy":"post_tag","embeddable":true,"href":"https:\/\/chacosintesis.com.ar\/index.php\/wp-json\/wp\/v2\/tags?post=1116"}],"curies":[{"name":"wp","href":"https:\/\/api.w.org\/{rel}","templated":true}]}}