{"id":11080,"date":"2021-07-29T10:12:01","date_gmt":"2021-07-29T13:12:01","guid":{"rendered":"https:\/\/chacosintesis.com.ar\/?p=11080"},"modified":"2021-07-29T10:36:46","modified_gmt":"2021-07-29T13:36:46","slug":"salud-mental-advierten-que-crecen-de-manera-alarmante-los-eventos-como-los-de-chano-charpentier","status":"publish","type":"post","link":"https:\/\/chacosintesis.com.ar\/index.php\/salud-mental-advierten-que-crecen-de-manera-alarmante-los-eventos-como-los-de-chano-charpentier\/","title":{"rendered":"Salud mental: advierten que crecen de manera alarmante los eventos como los de \u201cChano\u201d Charpentier"},"content":{"rendered":"<div dir=\"ltr\">Especialistas piden abordajes desde la empat\u00eda. Rechazan el uso de armas durante la atenci\u00f3n de estas situaciones. La pandemia agudiz\u00f3 la problem\u00e1tica.<\/p>\n<p>Santiago \u201cChano\u201d Moreno Charpentier contin\u00faa internado en la terapia intensiva del sanatorio Otamendi, pr\u00f3ximo a la zona de barrio Norte de la Ciudad Aut\u00f3noma de Buenos Aires (Caba). Ya sin respirador, los m\u00e9dicos buscan que el m\u00fasico se recupere. D\u00edas atr\u00e1s, el polic\u00eda Facundo Nahuel Amendolara (27) le hab\u00eda disparado en el abdomen para \u201cdefenderse\u201d.<\/p>\n<p>\u00bfDe qu\u00e9 se defend\u00eda el efectivo policial? \u00bfQu\u00e9 podr\u00eda haber ocurrido si al exl\u00edder de la banda de rock alternativo Tan Bi\u00f3nica lo hubiese asistido un equipo m\u00e9dico especializado? \u00bfLa portaci\u00f3n de pistolas Taser hubiera atenuado las consecuencias? Las preguntas ocuparon de inmediato el debate p\u00fablico.<\/p>\n<p>Ahora la familia pudo explicar algunos puntos importantes. \u201cTuvo un cuadro de excitaci\u00f3n psicomotriz, s\u00f3lo es un enfermo en consumo y nosotros somos una familia desesperada pidiendo que lo internen\u201d, dijo la madre del artista en di\u00e1logo con el canal TN, y neg\u00f3 que su hijo haya tenido un brote psic\u00f3tico.<\/p>\n<p>No obstante, los especialistas insisten en que las reacciones como las que protagoniz\u00f3 \u201cChano\u201d Charpentier son mucho m\u00e1s frecuentes de lo que se cree. Seg\u00fan consta en el expediente que atiende el fiscal general de Z\u00e1rate-Campana, Jos\u00e9 Luis Casta\u00f1o, y que investiga el accionar policial, el artista no pod\u00eda ser calmado.<\/p>\n<p>CONDUCTAS<\/p>\n<p>\u201cLa primera creencia por derrotar es comprender que las conductas en los humanos no siempre son voluntarias o se pueden manejar s\u00f3lo con la voluntad o el consejo de terceros, incluidos los afectos m\u00e1s cercanos\u201d.<\/p>\n<p>El anterior es uno de los preceptos de los que parte el m\u00e9dico especialista en Psiquiatr\u00eda y en salud p\u00fablica Leandro Dionisio en di\u00e1logo con La Voz.<\/p>\n<p>\u201cAqu\u00ed es importante destacar que no estamos frente a un caso de esquizofrenia, pero s\u00ed probablemente a una psicosis producto del consumo de sustancias. Tambi\u00e9n es necesario reforzar que, desde hace 20 a\u00f1os al menos, estos eventos vienen creciendo de manera alarmante\u201d, sostiene sobre el episodio que atraves\u00f3 el cantante. Dionisio es adem\u00e1s jefe del Departamento de Salud Mental de la Escuela de Salud P\u00fablica de la Facultad de Ciencias M\u00e9dicas de la Universidad Nacional de C\u00f3rdoba (UNC)<\/p>\n<p>Sobre este tipo de situaciones, y sin hacer especificaciones puntuales ante el caso de Charpentier, el especialista dijo que estas situaciones no deber\u00edan suceder en caso de que la atenci\u00f3n fuera oportuna, personalizada y continua. Y tambi\u00e9n explic\u00f3 que estas son las condiciones de base declaradas por la Organizaci\u00f3n Mundial de la Salud (OMS).<\/p>\n<p>\u201cEl sistema de atenci\u00f3n en su totalidad a\u00fan no est\u00e1 preparado para responder de manera precoz, preventiva y oportuna a eventos cl\u00ednicos o de emergencia como estos\u201d, plante\u00f3 Dionisio.<\/p>\n<p>Adem\u00e1s, el consumo de sustancias, explic\u00f3, viene creciendo desde hace 20 a\u00f1os \u201cde manera sistem\u00e1tica y progresiva\u201d. \u201cHoy se sabe que el deterioro del sistema nervioso que produce el consumo puede ser irreversible y que en muchas ocasiones termina generando cuadros psic\u00f3ticos de dif\u00edcil abordaje\u201d, alert\u00f3 el m\u00e9dico.<\/p>\n<p>Por otra parte, sostuvo que frente a un cuadro de emergencia m\u00e9dico psiqui\u00e1trico siempre es necesaria la internaci\u00f3n. \u201cLas normativas deben colaborar en hacerlo oportuno, y no por estar vinculada a una enfermedad mental requerir de tanto tratamiento normativo que impida llegar a tiempo\u201d, pidi\u00f3.<\/p>\n<p>El sistema de atenci\u00f3n en su totalidad a\u00fan no est\u00e1 preparado para responder de manera precoz, preventiva y oportuna a eventos cl\u00ednicos o de emergencia como estos.Leandro Dionisio, especialista en psiquiatr\u00eda.<\/p>\n<p>Sobre las condiciones generales de vida, el psiquiatra dijo que los indicadores demuestran un aumento considerable de estos cuadros, as\u00ed como en trastornos por ansiedad y afectivos, durante la pandemia. \u201cSer\u00eda importante actualizar el \u00faltimo informe epidemiol\u00f3gico nacional de 2016 sobre salud mental, ya que es indudable que toda la psicopatolog\u00eda de una u otra manera ha sido afectada con un mayor n\u00famero de casos\u201d, sugiri\u00f3.<\/p>\n<p>Pero, ante todo, el m\u00e9dico enfatiz\u00f3 una recomendaci\u00f3n: \u201cEs muy importante comprender que nunca se deber\u00eda participar en una resoluci\u00f3n de una emergencia psiqui\u00e1trica con arma en la mano\u201d.<\/p>\n<p>\u201cLa psiquiatr\u00eda es una especialidad m\u00e9dica de alta complejidad que no deber\u00eda ser contaminada con sesgos ideol\u00f3gicos que le impidan actuar con eficacia\u201d, subray\u00f3.<\/p>\n<p>ATENCI\u00d3N ESPECIALIZADA<\/p>\n<p>Por su parte, la psic\u00f3loga con perspectiva de g\u00e9nero y egresada de la residencia interdisciplinaria de salud mental, Noelia Benedetto, sostuvo que, ante una \u201csituaci\u00f3n de urgencia subjetiva en un usuario de salud mental\u201d, se deber\u00eda poder trasladar a un equipo de salud mental para que prestara atenci\u00f3n.<\/p>\n<p>\u201cEse equipo es el que va a hacer una evaluaci\u00f3n que se denomina \u2018de riesgo\u2019, por la que va a determinar si hay presencia o ausencia de lo que se llama riesgo cierto e inminente. Es decir, el riesgo potencial de esa persona para s\u00ed o para terceros\u201d, coment\u00f3.<\/p>\n<p>A la vez, la profesional cuestion\u00f3 que se hablara de \u201cbrote psic\u00f3tico\u201d ante casos como el del cantante. \u201cLas personas no se brotan, no son \u2018plantas\u2019. S\u00ed puede llegar a tener un episodio psic\u00f3tico, y para abordar a cualquier persona que est\u00e9 cursando una urgencia subjetiva lo que hay que prestar es una escucha contenedora, hablar con calma, con seguridad. No utilizar la empat\u00eda a modo de sarcasmo, o de burla\u201d, explic\u00f3 Benedetto.<\/p>\n<p>Ante una situaci\u00f3n cr\u00edtica, dijo, lo recomendable es que haya cinco personas entrenadas para realizar una sujeci\u00f3n f\u00edsica. No obstante, la especialista aclar\u00f3 que este tipo de intervenciones deben ser consideradas en \u00faltima instancia.<\/p>\n<p>En concordancia con lo dem\u00e1s, la psic\u00f3loga record\u00f3 que se debe respetar la condici\u00f3n de \u201csujeto de derecho\u201d de los \u201cusuarios de salud mental, tal como los reconoce la Ley de Salud Mental\u201d. \u201cUna persona puede tener un episodio psic\u00f3tico, alguna vez, y eso no necesariamente va a virar en un diagn\u00f3stico de por vida. Las personas con abordaje en la comunidad pueden ser totalmente contenidas\u201d, detall\u00f3.<\/p>\n<p>Lo cierto es que los especialistas coinciden en rechazar el uso de armas. Pero, adem\u00e1s, piden que los abordajes sean progresivos y que mantengan una concordancia con las necesidades de las personas. Y, finalmente, lo importante es que las intervenciones sean sostenidas en el tiempo. Desde ya, plantean, \u201cun tiro no es terap\u00e9utico\u201d.<\/p>\n<p>LA VOZ.-<\/p><\/div>\n","protected":false},"excerpt":{"rendered":"<p>Especialistas piden abordajes desde la empat\u00eda. Rechazan el uso de armas durante la atenci\u00f3n de estas situaciones. La pandemia agudiz\u00f3 la problem\u00e1tica. Santiago \u201cChano\u201d Moreno Charpentier contin\u00faa internado en la terapia intensiva del sanatorio Otamendi, pr\u00f3ximo a la zona de barrio Norte de la Ciudad Aut\u00f3noma de Buenos Aires (Caba). Ya sin respirador, los m\u00e9dicos [&hellip;]<\/p>\n","protected":false},"author":1,"featured_media":11081,"comment_status":"closed","ping_status":"closed","sticky":false,"template":"","format":"standard","meta":{"footnotes":""},"categories":[8],"tags":[],"class_list":{"0":"post-11080","1":"post","2":"type-post","3":"status-publish","4":"format-standard","5":"has-post-thumbnail","7":"category-nacionales"},"_links":{"self":[{"href":"https:\/\/chacosintesis.com.ar\/index.php\/wp-json\/wp\/v2\/posts\/11080","targetHints":{"allow":["GET"]}}],"collection":[{"href":"https:\/\/chacosintesis.com.ar\/index.php\/wp-json\/wp\/v2\/posts"}],"about":[{"href":"https:\/\/chacosintesis.com.ar\/index.php\/wp-json\/wp\/v2\/types\/post"}],"author":[{"embeddable":true,"href":"https:\/\/chacosintesis.com.ar\/index.php\/wp-json\/wp\/v2\/users\/1"}],"replies":[{"embeddable":true,"href":"https:\/\/chacosintesis.com.ar\/index.php\/wp-json\/wp\/v2\/comments?post=11080"}],"version-history":[{"count":0,"href":"https:\/\/chacosintesis.com.ar\/index.php\/wp-json\/wp\/v2\/posts\/11080\/revisions"}],"wp:featuredmedia":[{"embeddable":true,"href":"https:\/\/chacosintesis.com.ar\/index.php\/wp-json\/wp\/v2\/media\/11081"}],"wp:attachment":[{"href":"https:\/\/chacosintesis.com.ar\/index.php\/wp-json\/wp\/v2\/media?parent=11080"}],"wp:term":[{"taxonomy":"category","embeddable":true,"href":"https:\/\/chacosintesis.com.ar\/index.php\/wp-json\/wp\/v2\/categories?post=11080"},{"taxonomy":"post_tag","embeddable":true,"href":"https:\/\/chacosintesis.com.ar\/index.php\/wp-json\/wp\/v2\/tags?post=11080"}],"curies":[{"name":"wp","href":"https:\/\/api.w.org\/{rel}","templated":true}]}}