{"id":10967,"date":"2021-07-22T19:47:20","date_gmt":"2021-07-22T22:47:20","guid":{"rendered":"https:\/\/chacosintesis.com.ar\/?p=10967"},"modified":"2021-07-22T20:06:52","modified_gmt":"2021-07-22T23:06:52","slug":"ordenan-la-libertad-condicional-de-amado-boudou","status":"publish","type":"post","link":"https:\/\/chacosintesis.com.ar\/index.php\/ordenan-la-libertad-condicional-de-amado-boudou\/","title":{"rendered":"Ordenan la libertad condicional de Amado Boudou"},"content":{"rendered":"<div dir=\"ltr\">El exvicepresidente seguir\u00e1 cumpliendo arresto domiciliario, condici\u00f3n en la que est\u00e1 desde abril de 2020, aunque a partir de ahora tendr\u00e1 libertad condicional tras haber cumplido las dos terceras partes de su condena.<\/p>\n<p>La Justicia le otorg\u00f3 este jueves la libertad condicional al exvicepresidente, Amado Boudou, quien fue condenado a cinco a\u00f1os y diez meses de prisi\u00f3n, en el marco de la causa Ciccone Calcogr\u00e1fica.<\/p>\n<p>Boudou seguir\u00e1 cumpliendo arresto domiciliario en su departamento del barrio de Barracas, condici\u00f3n en la que est\u00e1 desde abril de 2020, aunque a partir de ahora, podr\u00e1 salir del mismo, tras haber cumplido las dos terceras partes de su condena.<\/p>\n<p>El juez de ejecuci\u00f3n Ricardo Bas\u00edlico fue el encargado de dictar el beneficio, luego de evaluar los informes del equipo interdisciplinario, y refiri\u00f3 que estaba en contra de la medida, aunque estuviese obligado por la Justicia a otorgarlo.<\/p>\n<p>&quot;Considero que los hechos por los cuales Boudou fue condenado resultan de sustancial gravedad y que ello de alg\u00fan modo obstaculiza la posibilidad de otorgar una libertad anticipada, de acuerdo con los compromisos internacionales que el Estado Argentino suscribi\u00f3 para aunar los esfuerzos y poder prevenir, detectar, sancionar y erradicar la corrupci\u00f3n en el ejercicio de las funciones p\u00fablicas&quot;, indica el fallo.<\/p>\n<p>A ra\u00edz de la decisi\u00f3n del magistrado, el Programa de Asistencia a Personas Bajo Vigilancia Electr\u00f3nica deber\u00e1 concurrir al domicilio de Boudou para quitarle la tobillera electr\u00f3nica, a trav\u00e9s de la cual era monitoreado hasta el d\u00eda de la fecha.<\/p>\n<p>El exfuncionario, como contrapartida deber\u00e1 residir en un domicilio fijo y no podr\u00e1 salir del pa\u00eds sin previa autorizaci\u00f3n del Tribunal Oral n\u00b01.<\/p>\n<p>Boudou fue condenado en agosto de 2018 por el caso Ciccone Calcogr\u00e1fica y fue detenido inmediatamente aunque tuvo dos egresos en prisi\u00f3n domiciliaria, el segundo a partir del 2020 y desde entonces se viene discutiendo en la Justicia si deb\u00eda volver o no a la c\u00e1rcel.<\/p>\n<p>Este lunes se conoci\u00f3 que la Casaci\u00f3n le dio un mes m\u00e1s de reducci\u00f3n de pena por est\u00edmulo educativo al haber hecho varios cursos mientras cumpl\u00eda arresto en el penal de Ezeiza.<\/p>\n<p>Los camaristas Mariano Borinsky, \u00c1ngela Ledesma y Javier Carbajo hicieron lugar a la apelaci\u00f3n de la defensa de Boudou, que fue en contra de una resoluci\u00f3n del juez Bas\u00edlico. El magistrado hab\u00eda rechazado un pedido para que le redujeran la pena por est\u00edmulo educativo un mes m\u00e1s de lo que le hab\u00eda otorgado otro juez, Daniel Obligado.<\/p>\n<p>El pasado 1\u00ba de febrero, Obligado le concedi\u00f3 al exvicepresidente una rebaja de diez meses en su condena por estudios realizados en la c\u00e1rcel de Ezeiza, relacionados con filosof\u00eda, organizaci\u00f3n de eventos y electricidad.<\/p>\n<div><\/div>\n<div>AMBITO.-<\/div>\n<\/div>\n","protected":false},"excerpt":{"rendered":"<p>El exvicepresidente seguir\u00e1 cumpliendo arresto domiciliario, condici\u00f3n en la que est\u00e1 desde abril de 2020, aunque a partir de ahora tendr\u00e1 libertad condicional tras haber cumplido las dos terceras partes de su condena. La Justicia le otorg\u00f3 este jueves la libertad condicional al exvicepresidente, Amado Boudou, quien fue condenado a cinco a\u00f1os y diez meses [&hellip;]<\/p>\n","protected":false},"author":1,"featured_media":10968,"comment_status":"closed","ping_status":"closed","sticky":false,"template":"","format":"standard","meta":{"footnotes":""},"categories":[8],"tags":[],"class_list":{"0":"post-10967","1":"post","2":"type-post","3":"status-publish","4":"format-standard","5":"has-post-thumbnail","7":"category-nacionales"},"_links":{"self":[{"href":"https:\/\/chacosintesis.com.ar\/index.php\/wp-json\/wp\/v2\/posts\/10967","targetHints":{"allow":["GET"]}}],"collection":[{"href":"https:\/\/chacosintesis.com.ar\/index.php\/wp-json\/wp\/v2\/posts"}],"about":[{"href":"https:\/\/chacosintesis.com.ar\/index.php\/wp-json\/wp\/v2\/types\/post"}],"author":[{"embeddable":true,"href":"https:\/\/chacosintesis.com.ar\/index.php\/wp-json\/wp\/v2\/users\/1"}],"replies":[{"embeddable":true,"href":"https:\/\/chacosintesis.com.ar\/index.php\/wp-json\/wp\/v2\/comments?post=10967"}],"version-history":[{"count":0,"href":"https:\/\/chacosintesis.com.ar\/index.php\/wp-json\/wp\/v2\/posts\/10967\/revisions"}],"wp:featuredmedia":[{"embeddable":true,"href":"https:\/\/chacosintesis.com.ar\/index.php\/wp-json\/wp\/v2\/media\/10968"}],"wp:attachment":[{"href":"https:\/\/chacosintesis.com.ar\/index.php\/wp-json\/wp\/v2\/media?parent=10967"}],"wp:term":[{"taxonomy":"category","embeddable":true,"href":"https:\/\/chacosintesis.com.ar\/index.php\/wp-json\/wp\/v2\/categories?post=10967"},{"taxonomy":"post_tag","embeddable":true,"href":"https:\/\/chacosintesis.com.ar\/index.php\/wp-json\/wp\/v2\/tags?post=10967"}],"curies":[{"name":"wp","href":"https:\/\/api.w.org\/{rel}","templated":true}]}}