{"id":10938,"date":"2021-07-21T16:39:03","date_gmt":"2021-07-21T19:39:03","guid":{"rendered":"https:\/\/chacosintesis.com.ar\/?p=10938"},"modified":"2021-07-21T17:09:36","modified_gmt":"2021-07-21T20:09:36","slug":"el-contundente-comunicado-de-boca-juniors-tras-el-escandalo-en-brasil","status":"publish","type":"post","link":"https:\/\/chacosintesis.com.ar\/index.php\/el-contundente-comunicado-de-boca-juniors-tras-el-escandalo-en-brasil\/","title":{"rendered":"El contundente comunicado de Boca Juniors tras el esc\u00e1ndalo en Brasil"},"content":{"rendered":"<div dir=\"ltr\">El Xeneize rompi\u00f3 el silencio luego de la escandalosa eliminaci\u00f3n de la Copa Libertadores y del conflicto desatado en Brasil con un contundente comunicado.<\/p>\n<p>Boca Juniors rompi\u00f3 el silencio tras el esc\u00e1ndalo en Brasil: el Xeneize qued\u00f3 eliminado de la Copa Libertadores por dos fallos arbitrales ins\u00f3litos y luego qued\u00f3 envuelto en un enfrentamiento con la polic\u00eda brasile\u00f1a.<\/p>\n<p>Despu\u00e9s de que los jugadores pasaran la noche arriba del micro en la puerta de una comisar\u00eda para no romper la burbuja sanitaria, el club decidi\u00f3 emitir un contundente comunicado en el que asegura que se &quot;destruy\u00f3 el esp\u00edritu competitivo del torneo m\u00e1s prestigioso del continente&quot;.<\/p>\n<p>&quot;Lo acontecido marca un hecho sin precedentes, por ser el \u00fanico caso en donde ganando los dos partidos de la serie un club queda eliminado de la competencia&quot;, resalta el escrito que lleva la firma del presidente del club.<\/p>\n<p>El comunicado completo de Boca Juniors<\/p>\n<p>El Club Atl\u00e9tico Boca Juniors, instituci\u00f3n de 116 a\u00f1os de historia, sufri\u00f3 en esta serie ante Atl\u00e9tico Mineiro dos fallos inexplicables anulando goles l\u00edcitos que destruyeron el esp\u00edritu deportivo del torneo m\u00e1s prestigioso del continente.<\/p>\n<p>Hoy nuestros socios, hinchas, jugadores y cuerpo t\u00e9cnico han sido perjudicados de forma alevosa, interpretando de manera maliciosa e intencionada la tecnolog\u00eda VAR.<\/p>\n<p>Lo acontecido marca un hecho sin precedentes, por ser el \u00fanico caso en donde ganando los dos partidos de la serie un club queda eliminado de la competencia.<\/p>\n<p>Situaciones como las vividas en las \u00faltimas jornadas dejan en manifiesto el manejo tendencioso de nuestro f\u00fatbol continental.<\/p>\n<p>Tampoco podemos dejar pasar el hecho que desde la m\u00e1xima autoridad del Club Atl\u00e9tico Mineiro se fogone\u00f3 con expresiones violentas y amenazantes durante varios d\u00edas hasta llegar a los lamentables hechos en los que fueron damnificados f\u00edsicamente nuestros jugadores, cuerpo t\u00e9cnico y dirigentes, quienes tuvieron que estar demorados por m\u00e1s de 12 horas en situaciones lamentables con el fin de no romper la burbuja sanitaria.<\/p>\n<p>Una vez m\u00e1s hemos sido perjudicados por decisiones que poco tienen que ver con lo deportivo y mucho con el manejo arbitrario de una competici\u00f3n que no lo merece.<\/p>\n<p>Jorge Amor Ameal<\/p>\n<p>Presidente del Club Atl\u00e9tico Boca Juniors<\/p>\n<div><\/div>\n<div>MDZ.-<\/div>\n<\/div>\n","protected":false},"excerpt":{"rendered":"<p>El Xeneize rompi\u00f3 el silencio luego de la escandalosa eliminaci\u00f3n de la Copa Libertadores y del conflicto desatado en Brasil con un contundente comunicado. Boca Juniors rompi\u00f3 el silencio tras el esc\u00e1ndalo en Brasil: el Xeneize qued\u00f3 eliminado de la Copa Libertadores por dos fallos arbitrales ins\u00f3litos y luego qued\u00f3 envuelto en un enfrentamiento con [&hellip;]<\/p>\n","protected":false},"author":1,"featured_media":10939,"comment_status":"closed","ping_status":"closed","sticky":false,"template":"","format":"standard","meta":{"footnotes":""},"categories":[8],"tags":[],"class_list":{"0":"post-10938","1":"post","2":"type-post","3":"status-publish","4":"format-standard","5":"has-post-thumbnail","7":"category-nacionales"},"_links":{"self":[{"href":"https:\/\/chacosintesis.com.ar\/index.php\/wp-json\/wp\/v2\/posts\/10938","targetHints":{"allow":["GET"]}}],"collection":[{"href":"https:\/\/chacosintesis.com.ar\/index.php\/wp-json\/wp\/v2\/posts"}],"about":[{"href":"https:\/\/chacosintesis.com.ar\/index.php\/wp-json\/wp\/v2\/types\/post"}],"author":[{"embeddable":true,"href":"https:\/\/chacosintesis.com.ar\/index.php\/wp-json\/wp\/v2\/users\/1"}],"replies":[{"embeddable":true,"href":"https:\/\/chacosintesis.com.ar\/index.php\/wp-json\/wp\/v2\/comments?post=10938"}],"version-history":[{"count":0,"href":"https:\/\/chacosintesis.com.ar\/index.php\/wp-json\/wp\/v2\/posts\/10938\/revisions"}],"wp:featuredmedia":[{"embeddable":true,"href":"https:\/\/chacosintesis.com.ar\/index.php\/wp-json\/wp\/v2\/media\/10939"}],"wp:attachment":[{"href":"https:\/\/chacosintesis.com.ar\/index.php\/wp-json\/wp\/v2\/media?parent=10938"}],"wp:term":[{"taxonomy":"category","embeddable":true,"href":"https:\/\/chacosintesis.com.ar\/index.php\/wp-json\/wp\/v2\/categories?post=10938"},{"taxonomy":"post_tag","embeddable":true,"href":"https:\/\/chacosintesis.com.ar\/index.php\/wp-json\/wp\/v2\/tags?post=10938"}],"curies":[{"name":"wp","href":"https:\/\/api.w.org\/{rel}","templated":true}]}}