{"id":10807,"date":"2021-07-13T18:13:22","date_gmt":"2021-07-13T21:13:22","guid":{"rendered":"https:\/\/chacosintesis.com.ar\/?p=10807"},"modified":"2021-07-13T18:37:41","modified_gmt":"2021-07-13T21:37:41","slug":"se-confirmo-la-visita-del-turismo-carretera-a-posadas-en-agosto","status":"publish","type":"post","link":"https:\/\/chacosintesis.com.ar\/index.php\/se-confirmo-la-visita-del-turismo-carretera-a-posadas-en-agosto\/","title":{"rendered":"Se confirm\u00f3 la visita del Turismo Carretera a Posadas en agosto"},"content":{"rendered":"<div dir=\"ltr\">El Autom\u00f3vil Club Misiones (ACM) confirm\u00f3 que la d\u00e9cima fecha del calendario de Turismo Carretera, que marcar\u00e1 el cierre de la etapa regular, se disputar\u00e1 el 22 de agosto en el aut\u00f3dromo de Posadas, sin p\u00fablico por las medidas sanitarias. Las autoridades confirmaron que la prueba se podr\u00e1 llevar adelante por el respaldo econ\u00f3mico de empresas privadas, m\u00e1s el apoyo del gobierno provincial, la municipalidad de Posadas y vialidad de Misiones.<\/p>\n<p>En un comunicado de prensa, el ACM destac\u00f3: \u201cLa m\u00e1xima categor\u00eda del automovilismo argentino arribar\u00e1 a Misiones y ser\u00e1 un gran desaf\u00edo. Gracias a un grupo de empresas que acept\u00f3 la propuesta y acompa\u00f1ar\u00e1 para que esto sea posible&quot;. &quot;Tambi\u00e9n contaremos con el respaldo del gobierno de Misiones, la municipalidad de Posadas y vialidad provincial. Entre todos haremos un gran esfuerzo para que este gran espect\u00e1culo tenga continuidad en el calendario y no se pierda la fecha&quot;, agreg\u00f3.<\/p>\n<p>La \u00faltima carrera que se disput\u00f3 en el trazado misionero fue el 7 de julio de 2019, cuando Juan Pablo Gianini se impuso con su Ford, seguido por los Torino de Facundo Ardusso y Leonel Pern\u00eda.<\/p><\/div>\n","protected":false},"excerpt":{"rendered":"<p>El Autom\u00f3vil Club Misiones (ACM) confirm\u00f3 que la d\u00e9cima fecha del calendario de Turismo Carretera, que marcar\u00e1 el cierre de la etapa regular, se disputar\u00e1 el 22 de agosto en el aut\u00f3dromo de Posadas, sin p\u00fablico por las medidas sanitarias. Las autoridades confirmaron que la prueba se podr\u00e1 llevar adelante por el respaldo econ\u00f3mico de [&hellip;]<\/p>\n","protected":false},"author":1,"featured_media":10808,"comment_status":"closed","ping_status":"closed","sticky":false,"template":"","format":"standard","meta":{"footnotes":""},"categories":[8],"tags":[],"class_list":{"0":"post-10807","1":"post","2":"type-post","3":"status-publish","4":"format-standard","5":"has-post-thumbnail","7":"category-nacionales"},"_links":{"self":[{"href":"https:\/\/chacosintesis.com.ar\/index.php\/wp-json\/wp\/v2\/posts\/10807","targetHints":{"allow":["GET"]}}],"collection":[{"href":"https:\/\/chacosintesis.com.ar\/index.php\/wp-json\/wp\/v2\/posts"}],"about":[{"href":"https:\/\/chacosintesis.com.ar\/index.php\/wp-json\/wp\/v2\/types\/post"}],"author":[{"embeddable":true,"href":"https:\/\/chacosintesis.com.ar\/index.php\/wp-json\/wp\/v2\/users\/1"}],"replies":[{"embeddable":true,"href":"https:\/\/chacosintesis.com.ar\/index.php\/wp-json\/wp\/v2\/comments?post=10807"}],"version-history":[{"count":0,"href":"https:\/\/chacosintesis.com.ar\/index.php\/wp-json\/wp\/v2\/posts\/10807\/revisions"}],"wp:featuredmedia":[{"embeddable":true,"href":"https:\/\/chacosintesis.com.ar\/index.php\/wp-json\/wp\/v2\/media\/10808"}],"wp:attachment":[{"href":"https:\/\/chacosintesis.com.ar\/index.php\/wp-json\/wp\/v2\/media?parent=10807"}],"wp:term":[{"taxonomy":"category","embeddable":true,"href":"https:\/\/chacosintesis.com.ar\/index.php\/wp-json\/wp\/v2\/categories?post=10807"},{"taxonomy":"post_tag","embeddable":true,"href":"https:\/\/chacosintesis.com.ar\/index.php\/wp-json\/wp\/v2\/tags?post=10807"}],"curies":[{"name":"wp","href":"https:\/\/api.w.org\/{rel}","templated":true}]}}