{"id":10801,"date":"2021-07-13T09:05:07","date_gmt":"2021-07-13T12:05:07","guid":{"rendered":"https:\/\/chacosintesis.com.ar\/?p=10801"},"modified":"2021-07-13T09:06:40","modified_gmt":"2021-07-13T12:06:40","slug":"boca-inicia-su-camino-de-octavos-de-final-de-la-copa-libertadores-ante-atletico-mineiro","status":"publish","type":"post","link":"https:\/\/chacosintesis.com.ar\/index.php\/boca-inicia-su-camino-de-octavos-de-final-de-la-copa-libertadores-ante-atletico-mineiro\/","title":{"rendered":"Boca inicia su camino de octavos de final de la Copa Libertadores ante Atl\u00e9tico Mineiro"},"content":{"rendered":"<div dir=\"ltr\">Boca Juniors recibir\u00e1 hoy a Atl\u00e9tico Mineiro, de Brasil, en el partido de ida de los octavos de final de la Copa Libertadores de Am\u00e9rica.<\/p>\n<p>El encuentro se jugar\u00e1 en &quot;La Bombonera&quot; a partir de las 19.15, ser\u00e1 arbitrado por el colombiano Andr\u00e9s Rojas y televisado por ESPN.<\/p>\n<p>A partir de los octavos de final, el torneo m\u00e1s importante de Sudam\u00e9rica a nivel de clubes contar\u00e1 con el VAR y en este partido estar\u00e1 encabezado por el paraguayo Derlis L\u00f3pez.<\/p>\n<p>La revancha se jugar\u00e1 el pr\u00f3ximo martes a la misma hora en Belo Horizonte y el ganador se medir\u00e1 en los cuartos de final ante River Plate o Argentinos Juniors, que iniciar\u00e1n su serie este mi\u00e9rcoles en el estadio Monumental de N\u00fa\u00f1ez.<\/p>\n<p>Luego del receso por la Copa Am\u00e9rica, Boca desandar\u00e1 el camino hacia la tan ansiada s\u00e9ptima Copa Libertadores tras un mercado con muchos cambios en el equipo, el m\u00e1s significativo la salida del capit\u00e1n e \u00eddolo Carlos Tevez.<br \/>\u00a0<\/p>\n<p>Probables formaciones<\/p>\n<p>Boca Juniors: Agust\u00edn Rossi; Marcelo Weigandt, Carlos Izquierdoz, Marcos Rojo y Agust\u00edn Sandez; Cristian Medina, Esteban Rol\u00f3n y Diego Gonz\u00e1lez; Sebasti\u00e1n Villa, Norberto Briasco y Cristian Pav\u00f3n. DT: Miguel \u00c1ngel Russo.<\/p>\n<p>Atl\u00e9tico Mineiro: \u00c9verson; Tch\u00e9 Tch\u00e9, R\u00e9ver, Junior Alonso e Igor Rabelo; Mariano; Allan, Jair y Mat\u00edas Zaracho o Ignacio Fern\u00e1ndez; Hulk y Savarino. DT: Cuca.<\/p>\n<p>\u00c1rbitro: Andr\u00e9s Rojas, de Colombia.<\/p>\n<p>Cancha: Boca Juniors.<\/p>\n<p>Hora de inicio: 19.15<\/p>\n<p>TV: ESPN.<\/p>\n<p>Fuente: T\u00e9lam<\/p><\/div>\n","protected":false},"excerpt":{"rendered":"<p>Boca Juniors recibir\u00e1 hoy a Atl\u00e9tico Mineiro, de Brasil, en el partido de ida de los octavos de final de la Copa Libertadores de Am\u00e9rica. El encuentro se jugar\u00e1 en &quot;La Bombonera&quot; a partir de las 19.15, ser\u00e1 arbitrado por el colombiano Andr\u00e9s Rojas y televisado por ESPN. A partir de los octavos de final, [&hellip;]<\/p>\n","protected":false},"author":1,"featured_media":10802,"comment_status":"closed","ping_status":"closed","sticky":false,"template":"","format":"standard","meta":{"footnotes":""},"categories":[8],"tags":[],"class_list":{"0":"post-10801","1":"post","2":"type-post","3":"status-publish","4":"format-standard","5":"has-post-thumbnail","7":"category-nacionales"},"_links":{"self":[{"href":"https:\/\/chacosintesis.com.ar\/index.php\/wp-json\/wp\/v2\/posts\/10801","targetHints":{"allow":["GET"]}}],"collection":[{"href":"https:\/\/chacosintesis.com.ar\/index.php\/wp-json\/wp\/v2\/posts"}],"about":[{"href":"https:\/\/chacosintesis.com.ar\/index.php\/wp-json\/wp\/v2\/types\/post"}],"author":[{"embeddable":true,"href":"https:\/\/chacosintesis.com.ar\/index.php\/wp-json\/wp\/v2\/users\/1"}],"replies":[{"embeddable":true,"href":"https:\/\/chacosintesis.com.ar\/index.php\/wp-json\/wp\/v2\/comments?post=10801"}],"version-history":[{"count":0,"href":"https:\/\/chacosintesis.com.ar\/index.php\/wp-json\/wp\/v2\/posts\/10801\/revisions"}],"wp:featuredmedia":[{"embeddable":true,"href":"https:\/\/chacosintesis.com.ar\/index.php\/wp-json\/wp\/v2\/media\/10802"}],"wp:attachment":[{"href":"https:\/\/chacosintesis.com.ar\/index.php\/wp-json\/wp\/v2\/media?parent=10801"}],"wp:term":[{"taxonomy":"category","embeddable":true,"href":"https:\/\/chacosintesis.com.ar\/index.php\/wp-json\/wp\/v2\/categories?post=10801"},{"taxonomy":"post_tag","embeddable":true,"href":"https:\/\/chacosintesis.com.ar\/index.php\/wp-json\/wp\/v2\/tags?post=10801"}],"curies":[{"name":"wp","href":"https:\/\/api.w.org\/{rel}","templated":true}]}}