{"id":10762,"date":"2021-07-08T10:36:27","date_gmt":"2021-07-08T13:36:27","guid":{"rendered":"https:\/\/chacosintesis.com.ar\/?p=10762"},"modified":"2021-07-08T11:06:41","modified_gmt":"2021-07-08T14:06:41","slug":"ostojich-el-arbitro-para-la-final-de-copa-america-entre-brasil-y-argentina","status":"publish","type":"post","link":"https:\/\/chacosintesis.com.ar\/index.php\/ostojich-el-arbitro-para-la-final-de-copa-america-entre-brasil-y-argentina\/","title":{"rendered":"Ostojich, el \u00e1rbitro para la final de Copa Am\u00e9rica entre Brasil y Argentina"},"content":{"rendered":"<div dir=\"ltr\">El uruguayo fue designado por la Conmebol para el duelo decisivo del torneo continental.<\/p>\n<p>La Conmebol confirm\u00f3 este mi\u00e9rcoles al \u00e1rbitro para la gran final de la Copa Am\u00e9rica entre Brasil y Argentina: ser\u00e1 el uruguayo Esteban Ostojich<\/p>\n<p>Ostojich, de 39 a\u00f1os y nacido en San Jos\u00e9 de Mayo hace 39 a\u00f1os, no suele ahorrar tarjetas y es un \u00e1rbitro que habla bastante con los jugadores. Los asistentes ser\u00e1n Carlos Barreiro (1) y Mart\u00edn Soppi (2) y estar\u00e1 secundado en el VAR por su compatriota Andr\u00e9s Cunha.<\/p>\n<p>En tanto en el juego por el tercer puesto entre Per\u00fa y Colombia, del viernes, estar\u00e1 el brasile\u00f1o Raphael Claus.<\/p>\n<p>Los partidos de Ostojich en la Copa Am\u00e9rica 2021<\/p>\n<p>Ostojich ya dirigi\u00f3 a Brasil en esta Copa Am\u00e9rica: fue en el partido inaugural en el que el local gole\u00f3 a Venezuela por 3-0. Adem\u00e1s, tuvo otros dos partidos: Per\u00fa 2 &#8211; Colombia 1, por fase de grupos, y el Per\u00fa 3 &#8211; Paraguay 3, por cuartos de final.<\/p>\n<p>En este \u00faltimo partido fue se\u00f1alado por los guaran\u00edes, a la postre eliminados por penales, por la expulsi\u00f3n de Gustavo G\u00f3mez sobre el cierre del primer tiempo.<\/p>\n<p>TyCSpots.-<\/p>\n<div>\n<p><\/div>\n<\/div>\n","protected":false},"excerpt":{"rendered":"<p>El uruguayo fue designado por la Conmebol para el duelo decisivo del torneo continental. La Conmebol confirm\u00f3 este mi\u00e9rcoles al \u00e1rbitro para la gran final de la Copa Am\u00e9rica entre Brasil y Argentina: ser\u00e1 el uruguayo Esteban Ostojich Ostojich, de 39 a\u00f1os y nacido en San Jos\u00e9 de Mayo hace 39 a\u00f1os, no suele ahorrar [&hellip;]<\/p>\n","protected":false},"author":1,"featured_media":10763,"comment_status":"closed","ping_status":"closed","sticky":false,"template":"","format":"standard","meta":{"footnotes":""},"categories":[8],"tags":[],"class_list":{"0":"post-10762","1":"post","2":"type-post","3":"status-publish","4":"format-standard","5":"has-post-thumbnail","7":"category-nacionales"},"_links":{"self":[{"href":"https:\/\/chacosintesis.com.ar\/index.php\/wp-json\/wp\/v2\/posts\/10762","targetHints":{"allow":["GET"]}}],"collection":[{"href":"https:\/\/chacosintesis.com.ar\/index.php\/wp-json\/wp\/v2\/posts"}],"about":[{"href":"https:\/\/chacosintesis.com.ar\/index.php\/wp-json\/wp\/v2\/types\/post"}],"author":[{"embeddable":true,"href":"https:\/\/chacosintesis.com.ar\/index.php\/wp-json\/wp\/v2\/users\/1"}],"replies":[{"embeddable":true,"href":"https:\/\/chacosintesis.com.ar\/index.php\/wp-json\/wp\/v2\/comments?post=10762"}],"version-history":[{"count":0,"href":"https:\/\/chacosintesis.com.ar\/index.php\/wp-json\/wp\/v2\/posts\/10762\/revisions"}],"wp:featuredmedia":[{"embeddable":true,"href":"https:\/\/chacosintesis.com.ar\/index.php\/wp-json\/wp\/v2\/media\/10763"}],"wp:attachment":[{"href":"https:\/\/chacosintesis.com.ar\/index.php\/wp-json\/wp\/v2\/media?parent=10762"}],"wp:term":[{"taxonomy":"category","embeddable":true,"href":"https:\/\/chacosintesis.com.ar\/index.php\/wp-json\/wp\/v2\/categories?post=10762"},{"taxonomy":"post_tag","embeddable":true,"href":"https:\/\/chacosintesis.com.ar\/index.php\/wp-json\/wp\/v2\/tags?post=10762"}],"curies":[{"name":"wp","href":"https:\/\/api.w.org\/{rel}","templated":true}]}}