{"id":10748,"date":"2021-07-07T12:37:01","date_gmt":"2021-07-07T15:37:01","guid":{"rendered":"https:\/\/chacosintesis.com.ar\/?p=10748"},"modified":"2021-07-07T13:09:23","modified_gmt":"2021-07-07T16:09:23","slug":"en-corrientes-los-boletines-de-calificaciones-pasaron-a-la-era-digital","status":"publish","type":"post","link":"https:\/\/chacosintesis.com.ar\/index.php\/en-corrientes-los-boletines-de-calificaciones-pasaron-a-la-era-digital\/","title":{"rendered":"En Corrientes los boletines de calificaciones pasaron a la &#8220;era digital&#8221;"},"content":{"rendered":"<div dir=\"ltr\">La iniciativa, que se implementar\u00e1 a partir de las pr\u00f3ximas semanas, alcanza al nivel primario y secundario de gesti\u00f3n p\u00fablica y privada.<br \/>Corrientes present\u00f3 este martes el Bolet\u00edn de Calificaciones Digital, una iniciativa que permitir\u00e1 a los tutores de los alumnos correntinos revisar el desempe\u00f1o escolar desde la comodidad de sus casas.<\/p>\n<p>La presentaci\u00f3n tuvo lugar en el Ministerio de Educaci\u00f3n, con su titular, Susana Ben\u00edtez; el subsecretario de Gesti\u00f3n Educativa, Julio Navias; el director de Sistemas, Carlos Encina y las directoras de nivel primario, secundario y privado.<\/p>\n<p>\u201cEsta presentaci\u00f3n es otro paso m\u00e1s en el marco de la modernizaci\u00f3n del estado \u00a0y para adecuarnos a las resoluciones emanadas del Consejo Federal de Educaci\u00f3n\u201d, explic\u00f3 \u00a0 Encinas<\/p>\n<p>A partir de su implementaci\u00f3n cada docente o directivo va a poder registrar la valoraci\u00f3n por cuatrimestre de cada uno de los alumnos en los diferentes espacios curriculares, lo que va a redundar en un bolet\u00edn digital como para que cada padre o tutor pueda visualizarlo a trav\u00e9s de un sitio web.<\/p>\n<p>\u201cEs una mejora sustancial en la calidad de servicios que brinda el Ministerio de Educaci\u00f3n y a partir del 26 de julio ya va a ser implementado y desde agosto estar\u00e1 disponible en el sitio web del ministerio la visualizaci\u00f3n de los boletines\u201d, acot\u00f3 el Encinas.<\/p>\n<p>A partir del mes de agosto los tutores deber\u00e1n registrarse en los establecimientos y a partir de ah\u00ed en la p\u00e1gina web del Ministerio de Educaci\u00f3n de Corrientes (<a href=\"https:\/\/www.mec.gob.ar\">https:\/\/www.mec.gob.ar<\/a>), donde se los validar\u00e1 para que puedan ingresar a consultar.<\/div>\n","protected":false},"excerpt":{"rendered":"<p>La iniciativa, que se implementar\u00e1 a partir de las pr\u00f3ximas semanas, alcanza al nivel primario y secundario de gesti\u00f3n p\u00fablica y privada.Corrientes present\u00f3 este martes el Bolet\u00edn de Calificaciones Digital, una iniciativa que permitir\u00e1 a los tutores de los alumnos correntinos revisar el desempe\u00f1o escolar desde la comodidad de sus casas. La presentaci\u00f3n tuvo lugar [&hellip;]<\/p>\n","protected":false},"author":1,"featured_media":10749,"comment_status":"closed","ping_status":"closed","sticky":false,"template":"","format":"standard","meta":{"footnotes":""},"categories":[8],"tags":[],"class_list":{"0":"post-10748","1":"post","2":"type-post","3":"status-publish","4":"format-standard","5":"has-post-thumbnail","7":"category-nacionales"},"_links":{"self":[{"href":"https:\/\/chacosintesis.com.ar\/index.php\/wp-json\/wp\/v2\/posts\/10748","targetHints":{"allow":["GET"]}}],"collection":[{"href":"https:\/\/chacosintesis.com.ar\/index.php\/wp-json\/wp\/v2\/posts"}],"about":[{"href":"https:\/\/chacosintesis.com.ar\/index.php\/wp-json\/wp\/v2\/types\/post"}],"author":[{"embeddable":true,"href":"https:\/\/chacosintesis.com.ar\/index.php\/wp-json\/wp\/v2\/users\/1"}],"replies":[{"embeddable":true,"href":"https:\/\/chacosintesis.com.ar\/index.php\/wp-json\/wp\/v2\/comments?post=10748"}],"version-history":[{"count":0,"href":"https:\/\/chacosintesis.com.ar\/index.php\/wp-json\/wp\/v2\/posts\/10748\/revisions"}],"wp:featuredmedia":[{"embeddable":true,"href":"https:\/\/chacosintesis.com.ar\/index.php\/wp-json\/wp\/v2\/media\/10749"}],"wp:attachment":[{"href":"https:\/\/chacosintesis.com.ar\/index.php\/wp-json\/wp\/v2\/media?parent=10748"}],"wp:term":[{"taxonomy":"category","embeddable":true,"href":"https:\/\/chacosintesis.com.ar\/index.php\/wp-json\/wp\/v2\/categories?post=10748"},{"taxonomy":"post_tag","embeddable":true,"href":"https:\/\/chacosintesis.com.ar\/index.php\/wp-json\/wp\/v2\/tags?post=10748"}],"curies":[{"name":"wp","href":"https:\/\/api.w.org\/{rel}","templated":true}]}}