{"id":10659,"date":"2021-06-28T17:24:13","date_gmt":"2021-06-28T20:24:13","guid":{"rendered":"https:\/\/chacosintesis.com.ar\/?p=10659"},"modified":"2021-06-28T17:36:59","modified_gmt":"2021-06-28T20:36:59","slug":"tras-la-victoria-en-jujuy-la-ucr-presiona-al-pro-y-va-por-mas-lugares-en-juntos-por-el-cambio","status":"publish","type":"post","link":"https:\/\/chacosintesis.com.ar\/index.php\/tras-la-victoria-en-jujuy-la-ucr-presiona-al-pro-y-va-por-mas-lugares-en-juntos-por-el-cambio\/","title":{"rendered":"Tras la victoria en Jujuy, la UCR presiona al PRO y va por m\u00e1s lugares en Juntos por el Cambio"},"content":{"rendered":"<div dir=\"ltr\">La visita del senador Mart\u00edn Lousteau y del neur\u00f3logo Facundo Manes para levantar la mano de su correligionario Gerardo Morales, gobernador de Jujuy, tras el triunfo en su provincia, volvi\u00f3 a agitar la interna de Juntos por el Cambio al mostrar a un radicalismo fortalecido por esa victoria y dispuesto a salir a disputar de igual a igual con el PRO los lugares en las listas de cara a las pr\u00f3ximas PASO y legislativas. Envalentonados con el triunfo, Manes y Lousteau llegaron a Jujuy junto al presidente de la UCR bonaerense y jefe del bloque de Diputados de JxC en la Legislatura, Maximiliano Abad, dirigente cercano al mendocino Ernesto Sanz y al propio Morales, y adem\u00e1s uno de los impulsores de la eventual candidatura de Manes.<\/p>\n<p>Ayer el Frente Cambia Jujuy (FCJ), liderado por Morales, obtuvo la victoria en las elecciones provinciales con casi el 42% de los votos, aventajando al Frente de Todos-PJ, que qued\u00f3 en segundo lugar -el peronismo compiti\u00f3 fragmentado en cuatro listas- y al Frente de Izquierda y de los Trabajadores, que se ubic\u00f3 tercero. &quot;Necesitamos l\u00edderes como \u00e9l (por Morales) que nos unan, no que nos dividan; necesitamos l\u00edderes que nos lideren con esperanza&quot;, exhort\u00f3 Manes a partir del resultado electoral de Jujuy, en lo que fue le\u00eddo como un mensaje dirigido al sector duro de PRO, con el que Morales mantuvo varios cruces en los \u00faltimos meses.<\/p>\n<p>A Manes, a quien la UCR impulsa como primer candidato a diputado nacional de JxC por la provincia de Buenos Aires, se le sum\u00f3 Lousteau, quien sostuvo que los pr\u00f3ximos comicios ser\u00e1n una oportunidad para &quot;mostrar un radicalismo mejor y m\u00e1s grande, que pueda convocar figuras como Facundo (Manes), y as\u00ed poder hacer un Juntos por el Cambio mejor y m\u00e1s potente, para as\u00ed poder ganarle al populismo&quot;. Seg\u00fan explicaron en el entorno del senador, su presencia en Jujuy respondi\u00f3 a una invitaci\u00f3n del propio Morales, quien los comprometi\u00f3 a viajar a la provincia del norte durante el acto que compartieron por los 130 a\u00f1os de la UCR.<\/p>\n<p>Justamente, el nuevo aniversario del partido fundado el 26 de junio de 1891 por Leandro N. Alem es otro elemento que el radicalismo suma en su b\u00fasqueda de \u00e9pica, y a la intenci\u00f3n de mostrase maduros y con experiencia de gobierno, como para liderar la coalici\u00f3n opositora frente al joven PRO.<\/p>\n<p>\u00a0<\/p>\n<p>\u201cLilita tiene que bajar un cambio\u201d<\/p>\n<p>\u00a0<\/p>\n<p>El gobernador juje\u00f1o, por su parte, destac\u00f3 la visita de Manes y Lousteau, los ensalz\u00f3 como &quot;dos dirigentes emergentes del radicalismo muy importantes&quot; y vaticin\u00f3 que el neurocient\u00edfico ser\u00e1 el primer candidato de JxC en la provincia de Buenos Aires, para lo cual sali\u00f3 a responderle a la exdiputada y fundadora de la Coalici\u00f3n C\u00edvica, Elisa Carri\u00f3, quien el domingo se hab\u00eda mostrado ir\u00f3nica sobre esa posibilidad. &quot;Lilita tiene que bajar un cambio con ser tan agresiva, la semana pasada lo elogi\u00f3 (a Manes) y ahora no le gusta, es muy oscilante, un d\u00eda est\u00e1 a favor y otro d\u00eda en contra&quot;, replic\u00f3 el mandatario juje\u00f1o, y atribuy\u00f3 los dichos de Carri\u00f3 a que &quot;todos, muchos, desde adentro y desde afuera, quieren bajar a Facundo Manes, y realmente eso no est\u00e1 bien&quot;.<\/p>\n<p>El domingo, en declaraciones a TN, la exdiputada y referente de la CC-ARI hab\u00eda convocado a &quot;la unidad&quot; opositora con una frase que incluy\u00f3 cr\u00edticas a Manes y a los dirigentes que lo promueven: &quot;Veo mucha gente en la pol\u00edtica que quiere llegar en helic\u00f3ptero a la Casa Rosada&quot;, desliz\u00f3. En tanto, al mencionar las opciones de JxC para encabezar en territorio bonaerense, Carri\u00f3 nombr\u00f3 a Diego Santilli, a Jorge Macri y a &quot;Manes, que quiere ingresar a la pol\u00edtica para llegar a la Presidencia en dos a\u00f1os&quot;.<\/p>\n<p>Mientras los radicales tejen alianzas entre ellos y se muestran fortalecidos, el expresidente Mauricio Macri y fundador del PRO se alej\u00f3 por unos d\u00edas de los cabildeos y tensiones que circulan por estos d\u00edas en su propio partido y en JxC, para viajar a Madrid a presentar su libro &quot;Primer tiempo&quot;, en el que habla de su gesti\u00f3n, y luego volar a Zurich, Suiza, para cumplir tareas como presidente ejecutivo de la Fundaci\u00f3n FIFA. Antes de irse, Macri hab\u00eda recibido en su quinta &quot;Los Abrojos&quot; a la exgobernadora bonaerense Mar\u00eda Eugenia Vidal, quien finalmente le comunic\u00f3 que no ser\u00e1 candidata en la provincia de Buenos Aires, como pretend\u00eda el exmandatario.<\/p>\n<p>Seg\u00fan indicaron a T\u00e9lam allegados a Vidal, la exgobernadora le transmiti\u00f3 a Macri que tiene &quot;motivos personales y pol\u00edticos&quot; para no representar a Juntos por el Cambio en los comicios de este a\u00f1o, y adem\u00e1s le plante\u00f3 que su intenci\u00f3n es respaldar la postulaci\u00f3n de Santilli en el distrito electoral m\u00e1s poblado del pa\u00eds. &quot;Lo que le dijo hoy Mar\u00eda Eugenia a Mauricio no es nuevo porque lo dej\u00f3 en claro esta semana en estas reuniones&quot;, se\u00f1alaron las fuentes al referirse a la estrategia de campa\u00f1a de la exgobernadora, que es avalada por Rodr\u00edguez Larreta y la fundadora de la Coalici\u00f3n C\u00edvica Elisa Carri\u00f3, pero rechazada por Macri y la titular del PRO, Patricia Bullrich.<\/p>\n<p>En relaci\u00f3n a esas diferencias, el s\u00e1bado \u00faltimo la Coalici\u00f3n C\u00edvica hizo un fuerte llamado a la unidad de la principal coalici\u00f3n opositora de cara a las pr\u00f3ximas elecciones legislativas durante su plenario federal, que encabez\u00f3 el diputado Maximiliano Ferraro (CC-CABA), titular del partido. &quot;La uni\u00f3n de la Argentina, bajo el imperio de la Constituci\u00f3n, es la condici\u00f3n necesaria para generar los acuerdos con grandeza, generosidad, humildad y unidad&quot;, plantearon desde las filas de Carri\u00f3 en el documento final de la cumbre.<\/p>\n<p>Adem\u00e1s, se\u00f1alaron que, en el contexto de la crisis actual, se torna imprescindible &quot;realizar las alianzas necesarias para cumplir este objetivo, evitando internas, para lograr candidaturas de consenso, sin prevalecencias y hegemon\u00edas&quot;, definici\u00f3n que fue le\u00edda como un mensaje a los otros dos socios de JxC, el PRO y la UCR, m\u00e1s involucrados en peleas internas que los &quot;lilitos&quot;.<\/p>\n<p>Fuente: T\u00e9lam<\/p><\/div>\n","protected":false},"excerpt":{"rendered":"<p>La visita del senador Mart\u00edn Lousteau y del neur\u00f3logo Facundo Manes para levantar la mano de su correligionario Gerardo Morales, gobernador de Jujuy, tras el triunfo en su provincia, volvi\u00f3 a agitar la interna de Juntos por el Cambio al mostrar a un radicalismo fortalecido por esa victoria y dispuesto a salir a disputar de [&hellip;]<\/p>\n","protected":false},"author":1,"featured_media":10660,"comment_status":"closed","ping_status":"closed","sticky":false,"template":"","format":"standard","meta":{"footnotes":""},"categories":[8],"tags":[],"class_list":{"0":"post-10659","1":"post","2":"type-post","3":"status-publish","4":"format-standard","5":"has-post-thumbnail","7":"category-nacionales"},"_links":{"self":[{"href":"https:\/\/chacosintesis.com.ar\/index.php\/wp-json\/wp\/v2\/posts\/10659","targetHints":{"allow":["GET"]}}],"collection":[{"href":"https:\/\/chacosintesis.com.ar\/index.php\/wp-json\/wp\/v2\/posts"}],"about":[{"href":"https:\/\/chacosintesis.com.ar\/index.php\/wp-json\/wp\/v2\/types\/post"}],"author":[{"embeddable":true,"href":"https:\/\/chacosintesis.com.ar\/index.php\/wp-json\/wp\/v2\/users\/1"}],"replies":[{"embeddable":true,"href":"https:\/\/chacosintesis.com.ar\/index.php\/wp-json\/wp\/v2\/comments?post=10659"}],"version-history":[{"count":0,"href":"https:\/\/chacosintesis.com.ar\/index.php\/wp-json\/wp\/v2\/posts\/10659\/revisions"}],"wp:featuredmedia":[{"embeddable":true,"href":"https:\/\/chacosintesis.com.ar\/index.php\/wp-json\/wp\/v2\/media\/10660"}],"wp:attachment":[{"href":"https:\/\/chacosintesis.com.ar\/index.php\/wp-json\/wp\/v2\/media?parent=10659"}],"wp:term":[{"taxonomy":"category","embeddable":true,"href":"https:\/\/chacosintesis.com.ar\/index.php\/wp-json\/wp\/v2\/categories?post=10659"},{"taxonomy":"post_tag","embeddable":true,"href":"https:\/\/chacosintesis.com.ar\/index.php\/wp-json\/wp\/v2\/tags?post=10659"}],"curies":[{"name":"wp","href":"https:\/\/api.w.org\/{rel}","templated":true}]}}