{"id":10657,"date":"2021-06-28T11:10:37","date_gmt":"2021-06-28T14:10:37","guid":{"rendered":"https:\/\/chacosintesis.com.ar\/?p=10657"},"modified":"2021-06-28T11:37:26","modified_gmt":"2021-06-28T14:37:26","slug":"escalofriante-crimen-en-tucuman-mato-de-157-punaladas-a-un-jubilado-para-robarle-un-televisor-y-el-aguinaldo","status":"publish","type":"post","link":"https:\/\/chacosintesis.com.ar\/index.php\/escalofriante-crimen-en-tucuman-mato-de-157-punaladas-a-un-jubilado-para-robarle-un-televisor-y-el-aguinaldo\/","title":{"rendered":"Escalofriante crimen en Tucum\u00e1n: mat\u00f3 de 157 pu\u00f1aladas a un jubilado para robarle un televisor y el aguinaldo"},"content":{"rendered":"<div dir=\"ltr\">El hombre, de 72 a\u00f1os, fue encontrado asesinado por un compa\u00f1ero de trabajo que acudi\u00f3 a su casa porque no ten\u00eda noticias de \u00e9l desde hac\u00eda dos d\u00edas. El detenido es un joven de 21 a\u00f1os, quien tambi\u00e9n se llev\u00f3 el sueldo que hab\u00eda cobrado la v\u00edctima.<\/p>\n<p>Un jubilado de 72 a\u00f1os fue asesinado de m\u00e1s de 150 pu\u00f1aladas en su casa de Villa 9 de Julio, en la zona este de la capital de Tucum\u00e1n. Acusado del cometer el crimen, un joven de 21 a\u00f1os fue detenido y cumplir\u00e1 tres meses de prisi\u00f3n preventiva. Los investigadores intentaban establecer si un robo ser\u00eda el m\u00f3vil del homicidio, ya que el sospechoso se apoder\u00f3 de un televisor y huy\u00f3 tras cometer el crimen.<\/p>\n<p>La v\u00edctima fue identificada como Carlos Alberto Fern\u00e1ndez, quien fue hallado muerto este viernes en el ba\u00f1o de su casa, en Juan B. Justo al 1800, por un compa\u00f1ero de trabajo que acudi\u00f3 al domicilio porque el hombre no iba a trabajar desde hac\u00eda dos d\u00edas ni contestaba los llamados telef\u00f3nicos, informaron fuentes policiales.<\/p>\n<p>Al llegar a la casa, los efectivos constataron que Fern\u00e1ndez presentaba varias heridas de arma blanca en distintas partes de su cuerpo. En la autopsia posterior, el m\u00e9dico forense contabiliz\u00f3 157 pu\u00f1aladas, de las cuales 47 fueron asestadas en el cuello.<\/p>\n<p>Los investigadores establecieron a trav\u00e9s de un testigo que la v\u00edctina cen\u00f3 en la noche del mi\u00e9rcoles con un conocido, identificado como Joshua Zelaray\u00e1n, alias Porte\u00f1o, de 21 a\u00f1os, en su casa, inform\u00f3 el Ministerio P\u00fablico Fiscal.<\/p>\n<p>En circunstancias que son investigadas, el sospechoso atac\u00f3 apu\u00f1aladas al jubilado hasta matarlo para luego robarle un televisor y escapar del lugar. Pese al robo, los pesquisas no descartaban otras hip\u00f3tesis en torno al asesinato.<\/p>\n<p>En la ma\u00f1ana del s\u00e1bado, los efectivos realizaron un allanamiento en la vivienda de Zelaray\u00e1n, donde encontraron un camper\u00f3n con manchas de sangre, por lo que el joven fue detenido por el crimen. <\/p>\n<p>Carlos Sale, fiscal de la Unidad Fiscal de Homicidios II que interviene en la causa, solicit\u00f3 este domingo la prisi\u00f3n preventiva del sospechoso por cinco meses. Ese pedido fue avalado parcialmente por la jueza Isabel M\u00e9ndez, que dispuso que la medida sea por tres meses.<\/p>\n<p>El fiscal tambi\u00e9n revel\u00f3 que no encontraron en la escena del crimen el sueldo ni el aguinaldo que d\u00edas atr\u00e1s cobr\u00f3 la v\u00edctima.<\/p>\n<p>La calificaci\u00f3n legal provisoria es por el delito de homicidio agravado por haberse cometido \u201ccriminis causae\u201d y por ensa\u00f1amiento. <\/p>\n<p>CRONICA.-<\/p>\n<\/div>\n","protected":false},"excerpt":{"rendered":"<p>El hombre, de 72 a\u00f1os, fue encontrado asesinado por un compa\u00f1ero de trabajo que acudi\u00f3 a su casa porque no ten\u00eda noticias de \u00e9l desde hac\u00eda dos d\u00edas. El detenido es un joven de 21 a\u00f1os, quien tambi\u00e9n se llev\u00f3 el sueldo que hab\u00eda cobrado la v\u00edctima. Un jubilado de 72 a\u00f1os fue asesinado de [&hellip;]<\/p>\n","protected":false},"author":1,"featured_media":10658,"comment_status":"closed","ping_status":"closed","sticky":false,"template":"","format":"standard","meta":{"footnotes":""},"categories":[8],"tags":[],"class_list":{"0":"post-10657","1":"post","2":"type-post","3":"status-publish","4":"format-standard","5":"has-post-thumbnail","7":"category-nacionales"},"_links":{"self":[{"href":"https:\/\/chacosintesis.com.ar\/index.php\/wp-json\/wp\/v2\/posts\/10657","targetHints":{"allow":["GET"]}}],"collection":[{"href":"https:\/\/chacosintesis.com.ar\/index.php\/wp-json\/wp\/v2\/posts"}],"about":[{"href":"https:\/\/chacosintesis.com.ar\/index.php\/wp-json\/wp\/v2\/types\/post"}],"author":[{"embeddable":true,"href":"https:\/\/chacosintesis.com.ar\/index.php\/wp-json\/wp\/v2\/users\/1"}],"replies":[{"embeddable":true,"href":"https:\/\/chacosintesis.com.ar\/index.php\/wp-json\/wp\/v2\/comments?post=10657"}],"version-history":[{"count":0,"href":"https:\/\/chacosintesis.com.ar\/index.php\/wp-json\/wp\/v2\/posts\/10657\/revisions"}],"wp:featuredmedia":[{"embeddable":true,"href":"https:\/\/chacosintesis.com.ar\/index.php\/wp-json\/wp\/v2\/media\/10658"}],"wp:attachment":[{"href":"https:\/\/chacosintesis.com.ar\/index.php\/wp-json\/wp\/v2\/media?parent=10657"}],"wp:term":[{"taxonomy":"category","embeddable":true,"href":"https:\/\/chacosintesis.com.ar\/index.php\/wp-json\/wp\/v2\/categories?post=10657"},{"taxonomy":"post_tag","embeddable":true,"href":"https:\/\/chacosintesis.com.ar\/index.php\/wp-json\/wp\/v2\/tags?post=10657"}],"curies":[{"name":"wp","href":"https:\/\/api.w.org\/{rel}","templated":true}]}}