{"id":10549,"date":"2021-06-17T17:02:15","date_gmt":"2021-06-17T20:02:15","guid":{"rendered":"https:\/\/chacosintesis.com.ar\/?p=10549"},"modified":"2021-06-17T17:07:17","modified_gmt":"2021-06-17T20:07:17","slug":"arroyo-confirmo-pago-de-bono-extraordinario-de-6-mil-pesos-para-beneficiarios-de-potenciar-trabajo","status":"publish","type":"post","link":"https:\/\/chacosintesis.com.ar\/index.php\/arroyo-confirmo-pago-de-bono-extraordinario-de-6-mil-pesos-para-beneficiarios-de-potenciar-trabajo\/","title":{"rendered":"Arroyo confirm\u00f3 pago de bono extraordinario de 6 mil pesos para beneficiarios de Potenciar Trabajo"},"content":{"rendered":"<div dir=\"ltr\">El ministro de Desarrollo Social, Daniel Arroyo, confirm\u00f3 hoy el pago de un bono extraordinario de 6 mil pesos para titulares del programa Potenciar Trabajo, que se acreditar\u00e1 en julio pr\u00f3ximo. &quot;Vamos a otorgar un bono extraordinario de mitad de a\u00f1o a cerca de un mill\u00f3n de personas que forman parte del programa Potenciar Trabajo&quot;, manifest\u00f3 el funcionario en un comunicado de prensa.<\/p>\n<p>En ese sentido, explic\u00f3 que ser\u00e1 &quot;con el objetivo de sostener sus ingresos e inyectar dinero que promueva el consumo a nivel local&quot;. &quot;Desde el Gobierno nacional vamos analizando de forma permanente la situaci\u00f3n social y este bono se suma a la ampliaci\u00f3n de la tarjeta Alimentar que efectivizamos en mayo pasado&quot;, explic\u00f3 el ministro.<\/p>\n<p>Asimismo, destac\u00f3 que esas acciones se concretan &quot;siempre con el objetivo de llegar a quienes m\u00e1s lo necesitan, como se\u00f1ala el presidente Alberto Fern\u00e1ndez&quot;. El Programa Nacional de Inclusi\u00f3n Socioproductiva y Desarrollo Local &quot;Potenciar Trabajo&quot; incluye a cerca de un mill\u00f3n de personas, record\u00f3 el ministerio de Desarrollo Social.<\/p>\n<p>El objetivo es contribuir a mejorar el empleo y generar nuevas propuestas productivas a trav\u00e9s del desarrollo de proyectos socio-productivos, socio-comunitarios, socio-laborales y la terminalidad educativa, con el fin de promover la inclusi\u00f3n social plena para personas que se encuentren en situaci\u00f3n de vulnerabilidad social y econ\u00f3mica.<\/p>\n<p>Fuente: T\u00e9lam<\/p><\/div>\n","protected":false},"excerpt":{"rendered":"<p>El ministro de Desarrollo Social, Daniel Arroyo, confirm\u00f3 hoy el pago de un bono extraordinario de 6 mil pesos para titulares del programa Potenciar Trabajo, que se acreditar\u00e1 en julio pr\u00f3ximo. &quot;Vamos a otorgar un bono extraordinario de mitad de a\u00f1o a cerca de un mill\u00f3n de personas que forman parte del programa Potenciar Trabajo&quot;, [&hellip;]<\/p>\n","protected":false},"author":1,"featured_media":10550,"comment_status":"closed","ping_status":"closed","sticky":false,"template":"","format":"standard","meta":{"footnotes":""},"categories":[8],"tags":[],"class_list":{"0":"post-10549","1":"post","2":"type-post","3":"status-publish","4":"format-standard","5":"has-post-thumbnail","7":"category-nacionales"},"_links":{"self":[{"href":"https:\/\/chacosintesis.com.ar\/index.php\/wp-json\/wp\/v2\/posts\/10549","targetHints":{"allow":["GET"]}}],"collection":[{"href":"https:\/\/chacosintesis.com.ar\/index.php\/wp-json\/wp\/v2\/posts"}],"about":[{"href":"https:\/\/chacosintesis.com.ar\/index.php\/wp-json\/wp\/v2\/types\/post"}],"author":[{"embeddable":true,"href":"https:\/\/chacosintesis.com.ar\/index.php\/wp-json\/wp\/v2\/users\/1"}],"replies":[{"embeddable":true,"href":"https:\/\/chacosintesis.com.ar\/index.php\/wp-json\/wp\/v2\/comments?post=10549"}],"version-history":[{"count":0,"href":"https:\/\/chacosintesis.com.ar\/index.php\/wp-json\/wp\/v2\/posts\/10549\/revisions"}],"wp:featuredmedia":[{"embeddable":true,"href":"https:\/\/chacosintesis.com.ar\/index.php\/wp-json\/wp\/v2\/media\/10550"}],"wp:attachment":[{"href":"https:\/\/chacosintesis.com.ar\/index.php\/wp-json\/wp\/v2\/media?parent=10549"}],"wp:term":[{"taxonomy":"category","embeddable":true,"href":"https:\/\/chacosintesis.com.ar\/index.php\/wp-json\/wp\/v2\/categories?post=10549"},{"taxonomy":"post_tag","embeddable":true,"href":"https:\/\/chacosintesis.com.ar\/index.php\/wp-json\/wp\/v2\/tags?post=10549"}],"curies":[{"name":"wp","href":"https:\/\/api.w.org\/{rel}","templated":true}]}}