{"id":10543,"date":"2021-06-17T09:27:56","date_gmt":"2021-06-17T12:27:56","guid":{"rendered":"https:\/\/chacosintesis.com.ar\/?p=10543"},"modified":"2021-06-17T09:31:20","modified_gmt":"2021-06-17T12:31:20","slug":"por-que-es-feriado-el-lunes-21-de-junio-en-argentina","status":"publish","type":"post","link":"https:\/\/chacosintesis.com.ar\/index.php\/por-que-es-feriado-el-lunes-21-de-junio-en-argentina\/","title":{"rendered":"\u00bfPor qu\u00e9 es feriado el lunes 21 de junio en Argentina?"},"content":{"rendered":"<div dir=\"ltr\">Se viene un fin de semana largo en Argentina, justo con la celabraci\u00f3n del D\u00eda del Padre que se llevar\u00e1 a cabo el domingo 20 de junio como de costumbre, pero que, a su vez, contar\u00e1 con el feriado el lunes 21 de junio que extender\u00e1 los festejos.<\/p>\n<div>Este lunes ser\u00e1 feriado debido a que se conmemora el Paso a la Inmortalidad del General Mart\u00edn Miguel de G\u00fcemes, que fue el 17 de junio, pero para este a\u00f1o se decidi\u00f3 que se pasar\u00e1 al lunes 21 por ser uno de los feriados trasladables previstos en el art\u00edculo 6 de la Ley 27.399.<\/p>\n<p>QUI\u00c9N FUE MART\u00cdN MIGUEL DE G\u00dcEMES<\/p>\n<p>G\u00fcemes naci\u00f3 el 5 de febrero de 1785 en la ciudad de Salta, provincia de la que fue gobernador de Salta durante seis a\u00f1os tras ser elegido por asamblea popular. Es considerado el h\u00e9roe de la Independencia y una pieza clave en la estrategia del libertador General Jos\u00e9 de San Mart\u00edn.<\/p>\n<p>\u00a0<\/p>\n<p>G\u00fcemes comenz\u00f3 su carrera militar con apenas 14 a\u00f1os, cuando se sum\u00f3 al Regimiento Fijo de Infanter\u00eda que ten\u00eda un batall\u00f3n en Salta. A lo largo de su vida se destac\u00f3 en la Guerra de la Independencia y en las guerras civiles. <\/p>\n<p>En 1805 fue enviado con su regimiento a Buenos Aires por expreso pedido del Virrey del R\u00edo de la Plata, Rafael de Sobremonte, quien tem\u00eda un ataque ingl\u00e9s. Un a\u00f1o despu\u00e9s particip\u00f3 de la Reconquista de Buenos Aires.<\/p>\n<p>\u00a0<\/p>\n<p>Luego lo hizo en la Defensa de la ciudad y es protagonista de una curiosa haza\u00f1a ya que en aquel entonces al ver que un barco ingl\u00e9s hab\u00eda encallado por una bajante repentina del r\u00edo, dirigi\u00f3 una carga de caballer\u00eda y lo abord\u00f3. Esa es recordada como una de las pocas veces en la historia que un buque de guerra fue capturado por una partida de caballer\u00eda.<\/p>\n<p>\u00a0<\/p>\n<p>Sin embargo, en 1808 padeci\u00f3 una grave enfermedad en su garganta que le produjo dificultad para hablar. Pese a que nunca se conoci\u00f3 con certeza, curs\u00f3 s\u00edntomas similares a la hemofilia, enfermedad que hasta ese momento no era conocida, y que dificulta mucho la cicatrizaci\u00f3n de las heridas externas e internas. Logr\u00f3 su traslado a Salta y el 17 de junio de 1821 falleci\u00f3 con apenas 36 a\u00f1os.<\/p>\n<p>MISIONES ON LINE<\/div>\n<div>tgas:Featured<\/div>\n<\/div>\n","protected":false},"excerpt":{"rendered":"<p>Se viene un fin de semana largo en Argentina, justo con la celabraci\u00f3n del D\u00eda del Padre que se llevar\u00e1 a cabo el domingo 20 de junio como de costumbre, pero que, a su vez, contar\u00e1 con el feriado el lunes 21 de junio que extender\u00e1 los festejos. Este lunes ser\u00e1 feriado debido a que [&hellip;]<\/p>\n","protected":false},"author":1,"featured_media":10544,"comment_status":"closed","ping_status":"closed","sticky":false,"template":"","format":"standard","meta":{"footnotes":""},"categories":[8],"tags":[],"class_list":{"0":"post-10543","1":"post","2":"type-post","3":"status-publish","4":"format-standard","5":"has-post-thumbnail","7":"category-nacionales"},"_links":{"self":[{"href":"https:\/\/chacosintesis.com.ar\/index.php\/wp-json\/wp\/v2\/posts\/10543","targetHints":{"allow":["GET"]}}],"collection":[{"href":"https:\/\/chacosintesis.com.ar\/index.php\/wp-json\/wp\/v2\/posts"}],"about":[{"href":"https:\/\/chacosintesis.com.ar\/index.php\/wp-json\/wp\/v2\/types\/post"}],"author":[{"embeddable":true,"href":"https:\/\/chacosintesis.com.ar\/index.php\/wp-json\/wp\/v2\/users\/1"}],"replies":[{"embeddable":true,"href":"https:\/\/chacosintesis.com.ar\/index.php\/wp-json\/wp\/v2\/comments?post=10543"}],"version-history":[{"count":0,"href":"https:\/\/chacosintesis.com.ar\/index.php\/wp-json\/wp\/v2\/posts\/10543\/revisions"}],"wp:featuredmedia":[{"embeddable":true,"href":"https:\/\/chacosintesis.com.ar\/index.php\/wp-json\/wp\/v2\/media\/10544"}],"wp:attachment":[{"href":"https:\/\/chacosintesis.com.ar\/index.php\/wp-json\/wp\/v2\/media?parent=10543"}],"wp:term":[{"taxonomy":"category","embeddable":true,"href":"https:\/\/chacosintesis.com.ar\/index.php\/wp-json\/wp\/v2\/categories?post=10543"},{"taxonomy":"post_tag","embeddable":true,"href":"https:\/\/chacosintesis.com.ar\/index.php\/wp-json\/wp\/v2\/tags?post=10543"}],"curies":[{"name":"wp","href":"https:\/\/api.w.org\/{rel}","templated":true}]}}