{"id":10535,"date":"2021-06-16T17:15:59","date_gmt":"2021-06-16T20:15:59","guid":{"rendered":"https:\/\/chacosintesis.com.ar\/?p=10535"},"modified":"2021-06-16T17:36:42","modified_gmt":"2021-06-16T20:36:42","slug":"activaron-el-alerta-sofia-para-encontrar-a-una-menor-desaparecida-en-san-luis","status":"publish","type":"post","link":"https:\/\/chacosintesis.com.ar\/index.php\/activaron-el-alerta-sofia-para-encontrar-a-una-menor-desaparecida-en-san-luis\/","title":{"rendered":"Activaron el alerta Sof\u00eda para encontrar a una menor desaparecida en San Luis"},"content":{"rendered":"<div dir=\"ltr\">Controles en todos los accesos a la provincia, 76 allanamientos en menos de 48 horas, la activaci\u00f3n del sistema Alerta Sof\u00eda y la difusi\u00f3n de su imagen por Missing Children no lograron hasta el momento dar con el paradero de Guadalupe Bel\u00e9n Lucero de 5 a\u00f1os, quien desapareci\u00f3 el lunes en San Luis.<\/p>\n<p>Seg\u00fan informaron hoy fuentes policiales a T\u00e9lam, ya son m\u00e1s de 76 los allanamientos ordenados por el juzgado Penal n\u00famero 2 de Ariel Parrillis, a cargo de la causa.<\/p>\n<p>Desde que se denunci\u00f3 su desaparici\u00f3n, el lunes a las 20, el Gobierno provincial despleg\u00f3 un operativo con m\u00e1s de 400 efectivos, a los que tambi\u00e9n se sumaron el sistema de Defensa San Luis Solidario, Bomberos Voluntarios y la Polic\u00eda Montada.<\/p>\n<p>Adem\u00e1s, desde ayer a las 18 el Ministerio de Seguridad de la Naci\u00f3n activ\u00f3 el Alerta Sof\u00eda, que difunde de manera inmediata la imagen y la informaci\u00f3n sobre ni\u00f1os y adolescentes desaparecidos a trav\u00e9s de dispositivos m\u00f3viles y medios de comunicaci\u00f3n masivos como la televisi\u00f3n.<\/p>\n<p>Por su parte, la organizaci\u00f3n Missing Children incluy\u00f3 a Guadalupe en su lista de ni\u00f1os buscados.<\/p>\n<p>La ni\u00f1a desapareci\u00f3 el lunes, entre las 19 y las 20, de la casa de su t\u00eda, situada en el barrio 544 viviendas, en la ciudad de San Luis.<\/p>\n<p>Lucas Chac\u00f3n, jefe de Relaciones Policiales de la provincia, dijo en declaraciones a TN que &quot;la polic\u00eda no cesa la b\u00fasqueda de Guadalupe&quot; y detall\u00f3 que son m\u00e1s de 400 los efectivos que la est\u00e1n buscando en toda la provincia, quienes corresponden a seis unidades regionales.<\/p>\n<p>Chac\u00f3n agreg\u00f3 que hoy se van a realizar rastrillajes en once sectores en simult\u00e1neo para intentar dar con el paradero de la ni\u00f1a.<\/p>\n<p>Ayer, la polic\u00eda encontr\u00f3 restos de ropa cerca de un r\u00edo pero la familia neg\u00f3 que pertenecieran a Guadalupe.<\/p>\n<p>Hoy, Eric Lucero, su pap\u00e1, pidi\u00f3 que el Gobierno de San Luis disponga una recompensa para quien aporte informaci\u00f3n sobre la ni\u00f1a, mientras que Silvia, la abuela de la nena, pidi\u00f3 que los atienda el ministro de Seguridad provincial, Luciano Anastasia.<\/p>\n<p>La ni\u00f1a vive en el barrio 208 viviendas de la ciudad capital, es de tez trigue\u00f1a, tiene cabello lacio, por debajo de los hombros, un lunar en la mejilla izquierda, y al momento de su desaparici\u00f3n vest\u00eda una campera parca negra con capucha, buzo rosa y llevaba botas negras.<\/p>\n<p>DIARIO NORTE.-<\/p><\/div>\n","protected":false},"excerpt":{"rendered":"<p>Controles en todos los accesos a la provincia, 76 allanamientos en menos de 48 horas, la activaci\u00f3n del sistema Alerta Sof\u00eda y la difusi\u00f3n de su imagen por Missing Children no lograron hasta el momento dar con el paradero de Guadalupe Bel\u00e9n Lucero de 5 a\u00f1os, quien desapareci\u00f3 el lunes en San Luis. Seg\u00fan informaron [&hellip;]<\/p>\n","protected":false},"author":1,"featured_media":10536,"comment_status":"closed","ping_status":"closed","sticky":false,"template":"","format":"standard","meta":{"footnotes":""},"categories":[8],"tags":[],"class_list":{"0":"post-10535","1":"post","2":"type-post","3":"status-publish","4":"format-standard","5":"has-post-thumbnail","7":"category-nacionales"},"_links":{"self":[{"href":"https:\/\/chacosintesis.com.ar\/index.php\/wp-json\/wp\/v2\/posts\/10535","targetHints":{"allow":["GET"]}}],"collection":[{"href":"https:\/\/chacosintesis.com.ar\/index.php\/wp-json\/wp\/v2\/posts"}],"about":[{"href":"https:\/\/chacosintesis.com.ar\/index.php\/wp-json\/wp\/v2\/types\/post"}],"author":[{"embeddable":true,"href":"https:\/\/chacosintesis.com.ar\/index.php\/wp-json\/wp\/v2\/users\/1"}],"replies":[{"embeddable":true,"href":"https:\/\/chacosintesis.com.ar\/index.php\/wp-json\/wp\/v2\/comments?post=10535"}],"version-history":[{"count":0,"href":"https:\/\/chacosintesis.com.ar\/index.php\/wp-json\/wp\/v2\/posts\/10535\/revisions"}],"wp:featuredmedia":[{"embeddable":true,"href":"https:\/\/chacosintesis.com.ar\/index.php\/wp-json\/wp\/v2\/media\/10536"}],"wp:attachment":[{"href":"https:\/\/chacosintesis.com.ar\/index.php\/wp-json\/wp\/v2\/media?parent=10535"}],"wp:term":[{"taxonomy":"category","embeddable":true,"href":"https:\/\/chacosintesis.com.ar\/index.php\/wp-json\/wp\/v2\/categories?post=10535"},{"taxonomy":"post_tag","embeddable":true,"href":"https:\/\/chacosintesis.com.ar\/index.php\/wp-json\/wp\/v2\/tags?post=10535"}],"curies":[{"name":"wp","href":"https:\/\/api.w.org\/{rel}","templated":true}]}}