{"id":10503,"date":"2021-06-14T09:48:04","date_gmt":"2021-06-14T12:48:04","guid":{"rendered":"https:\/\/chacosintesis.com.ar\/?p=10503"},"modified":"2021-06-14T10:07:07","modified_gmt":"2021-06-14T13:07:07","slug":"llego-el-momento-de-dar-un-golpe-y-ganar-esta-copa-america-arengo-messi","status":"publish","type":"post","link":"https:\/\/chacosintesis.com.ar\/index.php\/llego-el-momento-de-dar-un-golpe-y-ganar-esta-copa-america-arengo-messi\/","title":{"rendered":"&#8220;Lleg\u00f3 el momento de dar un golpe y ganar esta Copa Am\u00e9rica&#8221;, areng\u00f3 Messi"},"content":{"rendered":"<div dir=\"ltr\">Lionel Messi volvi\u00f3 a abrir la lista de oradores del plantel argentino en una Copa Am\u00e9rica como lo hizo en Chile 2015, y en esta oportunidad fue muy enf\u00e1tico al remarcar que &quot;lleg\u00f3 el momento de dar el golpe y ganar&quot; este certamen en el que debutar\u00e1 ma\u00f1ana ante Chile, inaugurando el Grupo A de Brasil 2021 en el estadio Ol\u00edmpico Nilton Santos, de R\u00edo de Janeiro. &quot;Estamos en el instante de tener que empezar a mostrar nuestra idea y forma de jugar, que es la que tenemos muy clara. Lleg\u00f3 el momento de dar un golpe y ganar esta Copa Am\u00e9rica&quot;, lanz\u00f3 Messi con contundencia durante la conferencia de prensa realizada en el hotel donde se hospedar\u00e1 esta noche la selecci\u00f3n argentina en Barra de Tijuca.<\/p>\n<p>&quot;En este punto debo decir que en ning\u00fan momento la selecci\u00f3n dependi\u00f3 de m\u00ed. Siempre tratamos de tener un equipo competitivo, porque para ganar los partidos necesitamos hacernos fuertes. Ac\u00e1 hay muchos compa\u00f1eros que ya estuvieron en Copa Am\u00e9rica y estamos form\u00e1ndonos para ser ganadores&quot;, puntualiz\u00f3. Messi se refiri\u00f3 posteriormente al reencuentro del plantel luego de m\u00e1s de un a\u00f1o de inactividad de la selecci\u00f3n a ra\u00edz de la pandemia de coronavirus.<\/p>\n<p>&quot;Hac\u00eda mucho que no nos junt\u00e1bamos y nos cost\u00f3 un poco al principio, pero despu\u00e9s fuimos creciendo desde Chile a Colombia, aunque los empatamos, pero estamos contentos con lo que hicimos, aunque ahora necesitamos una victoria&quot;, resalt\u00f3. Y justamente a prop\u00f3sito de la pandemia de coronavirus tambi\u00e9n &quot;L\u00edo&quot; fue muy anal\u00edtico al reconocer que la realizaci\u00f3n de esta Copa Am\u00e9rica en Brasil &quot;es un riesgo para todos que podamos agarrarnos el Covid&quot;.<\/p>\n<p>&quot;Es que nosotros nos enfrentamos con las dem\u00e1s selecciones que tambi\u00e9n tienen riesgos de contagio y a veces no depende solamente de lo que haga uno&quot;, apunt\u00f3.Y despu\u00e9s volvi\u00f3 sobre lo estrictamente futbol\u00edstico para insistir en que todo lo que le toca &quot;jugar con la selecci\u00f3n es especial, sea lo que fuera. Nunca imagin\u00e9 estar en tantos partidos con la camiseta de mi pa\u00eds, sino que viv\u00ed el d\u00eda a d\u00eda, pero desde amistosos hasta Copa Am\u00e9rica y Mundiales, siempre trate de darle lo mejor al equipo&quot;.<\/p>\n<p>&quot;Porque personalmente siempre estoy disponible para estar con la selecci\u00f3n y sue\u00f1o con conseguir un t\u00edtulo con este equipo. Voy por mi sexta Copa Am\u00e9rica, pero intentar\u00e9 seguirla buscando hasta que pueda, siempre que el entrenador que est\u00e9 me tenga en cuenta&quot;, anunci\u00f3. &quot;Por eso este grupo necesita una victoria importante, y arrancar ma\u00f1ana con los tres puntos es muy valioso, m\u00e1s all\u00e1 de que sabemos que Chile es un rival duro que vamos a volver a enfrentar con pocos d\u00edas de diferencia&quot;, expres\u00f3.<\/p>\n<p>Respecto de ese encuentro por la s\u00e9ptima fecha de eliminatorias y especialmente el siguiente ante Colombia, admiti\u00f3 que les &quot;qued\u00f3 un sabor amargo en este \u00faltimo partido. Porque despu\u00e9s del muy buen primer tiempo que hicimos, hasta pudimos hacer el tercero, y que te empaten en el descuento te deja fastidiado, aunque la imagen que dejamos fue buena. Pero si con eso no alcanza, hay que seguir creciendo&quot;, advirti\u00f3. Y ya en el cierre hubo una referencia para un compa\u00f1ero en particular como es el caso del volante de Udinese, de Italia, Rodrigo De Paul. &quot;Con \u00e9l siempre tratamos de buscarnos y estar cerca, porque de a poco nos fuimos conociendo y me siento muy bien jugando a su lado&quot;, describi\u00f3.<\/p>\n<p>Messi ya jug\u00f3 cinco Copas Am\u00e9rica y en tres de ellas lleg\u00f3 a la final (2007, 2015 y 2016), pero perdi\u00e9ndolas todas ellas. Ahora buscar\u00e1 en su sexta participaci\u00f3n levantar un trofeo que siempre se le neg\u00f3 con la selecci\u00f3n mayor, tanto en estos cert\u00e1menes como en campeonatos mundiales. El pr\u00f3ximo 24 de junio cumplir\u00e1 34 a\u00f1os, y el reloj biol\u00f3gico lo apura tanto como las ganas de celebrar con &quot;su&quot; camiseta celeste y blanca.<\/p><\/div>\n","protected":false},"excerpt":{"rendered":"<p>Lionel Messi volvi\u00f3 a abrir la lista de oradores del plantel argentino en una Copa Am\u00e9rica como lo hizo en Chile 2015, y en esta oportunidad fue muy enf\u00e1tico al remarcar que &quot;lleg\u00f3 el momento de dar el golpe y ganar&quot; este certamen en el que debutar\u00e1 ma\u00f1ana ante Chile, inaugurando el Grupo A de [&hellip;]<\/p>\n","protected":false},"author":1,"featured_media":10504,"comment_status":"closed","ping_status":"closed","sticky":false,"template":"","format":"standard","meta":{"footnotes":""},"categories":[8],"tags":[],"class_list":{"0":"post-10503","1":"post","2":"type-post","3":"status-publish","4":"format-standard","5":"has-post-thumbnail","7":"category-nacionales"},"_links":{"self":[{"href":"https:\/\/chacosintesis.com.ar\/index.php\/wp-json\/wp\/v2\/posts\/10503","targetHints":{"allow":["GET"]}}],"collection":[{"href":"https:\/\/chacosintesis.com.ar\/index.php\/wp-json\/wp\/v2\/posts"}],"about":[{"href":"https:\/\/chacosintesis.com.ar\/index.php\/wp-json\/wp\/v2\/types\/post"}],"author":[{"embeddable":true,"href":"https:\/\/chacosintesis.com.ar\/index.php\/wp-json\/wp\/v2\/users\/1"}],"replies":[{"embeddable":true,"href":"https:\/\/chacosintesis.com.ar\/index.php\/wp-json\/wp\/v2\/comments?post=10503"}],"version-history":[{"count":0,"href":"https:\/\/chacosintesis.com.ar\/index.php\/wp-json\/wp\/v2\/posts\/10503\/revisions"}],"wp:featuredmedia":[{"embeddable":true,"href":"https:\/\/chacosintesis.com.ar\/index.php\/wp-json\/wp\/v2\/media\/10504"}],"wp:attachment":[{"href":"https:\/\/chacosintesis.com.ar\/index.php\/wp-json\/wp\/v2\/media?parent=10503"}],"wp:term":[{"taxonomy":"category","embeddable":true,"href":"https:\/\/chacosintesis.com.ar\/index.php\/wp-json\/wp\/v2\/categories?post=10503"},{"taxonomy":"post_tag","embeddable":true,"href":"https:\/\/chacosintesis.com.ar\/index.php\/wp-json\/wp\/v2\/tags?post=10503"}],"curies":[{"name":"wp","href":"https:\/\/api.w.org\/{rel}","templated":true}]}}