{"id":10475,"date":"2021-06-08T17:31:55","date_gmt":"2021-06-08T20:31:55","guid":{"rendered":"https:\/\/chacosintesis.com.ar\/?p=10475"},"modified":"2021-06-08T17:37:11","modified_gmt":"2021-06-08T20:37:11","slug":"la-ocupacion-de-pacientes-con-coronavirus-en-terapia-intensiva-crecio-casi-un-50-en-un-mes","status":"publish","type":"post","link":"https:\/\/chacosintesis.com.ar\/index.php\/la-ocupacion-de-pacientes-con-coronavirus-en-terapia-intensiva-crecio-casi-un-50-en-un-mes\/","title":{"rendered":"La ocupaci\u00f3n de pacientes con coronavirus en terapia intensiva creci\u00f3 casi un 50% en un mes"},"content":{"rendered":"<div dir=\"ltr\">En la primera quincena de mayo la cantidad de personas con COVID-19 internadas en Unidades de Terapia Intensiva a nivel pa\u00eds comenz\u00f3 un crecimiento en forma sostenida; ya en ese momento hab\u00eda alcanzado valores similares a los peores registros de la pandemia en 2020.<\/p>\n<p>La ocupaci\u00f3n de terapia intensiva de pacientes con coronavirus volvi\u00f3 a aumentar durante el fin de semana en la Argentina, tras un leve descenso el viernes pasado, alcanzando ayer un nuevo r\u00e9cord desde el inicio de la pandemia con 7.827 pacientes graves internados, un 48,5% m\u00e1s que hace un mes. En la primera quincena de mayo la cantidad de personas con COVID-19 internadas en Unidades de Terapia Intensiva (UTI) a nivel pa\u00eds comenz\u00f3 un crecimiento en forma sostenida; ya en ese momento hab\u00eda alcanzado valores similares a los peores registros de la pandemia en 2020.<\/p>\n<p>De hecho, la cifra m\u00e1s alta de internados por coronavirus en UTI del a\u00f1o pasado fue el 1 de noviembre, con 5.119 pacientes; en tanto que el 7 de mayo, hace un mes, la cantidad de personas con Covid-19 en cuidados intensivos ya era superior a ese pico: 5.268. Desde entonces, y a excepci\u00f3n del viernes 4 de junio, cada d\u00eda la cantidad de personas reportadas en UTI con COVID-19 es superior al d\u00eda anterior, lo que marca un crecimiento sostenido que alcanz\u00f3 ayer su r\u00e9cord con 7.827 pacientes internados.<\/p>\n<p>Es la tercera vez que CABA debe sumar nuevas unidades de terapia intensiva durante esta segunda ola de la pandemia. El porcentaje de ocupaci\u00f3n, contemplando toda patolog\u00eda, fue este lunes de 78,1% a nivel nacional y de 74% en el \u00c1rea Metropolitana de Buenos Aires (AMBA).<\/p>\n<p>Para sostener estos porcentajes, frente al crecimiento de pacientes con COVID-19, las jurisdicciones han aumentado las camas de UTI. En la Ciudad Aut\u00f3noma de Buenos Aires (CABA), por ejemplo, se anunci\u00f3 la incorporaci\u00f3n de 30 nuevas camas de terapia intensiva en el sistema de salud del sector p\u00fablico con lo que se alcanzaron 580 plazas disponibles, de las cuales 71% ya est\u00e1n ocupadas.<\/p>\n<p>En relaci\u00f3n a lo que sucede en el sector privado de CABA, el ministro de Salud porte\u00f1o, Fern\u00e1n Quir\u00f3s, dijo que &quot;de las 1.222 camas disponibles, est\u00e1n ocupadas 1.019, lo que representa una ocupaci\u00f3n del 83%&quot;. Es la tercera vez que CABA debe sumar nuevas unidades de terapia intensiva durante esta segunda ola de la pandemia y tras picos de ocupaci\u00f3n que superaron al 86 por ciento en los primeros d\u00edas de mayo.<\/p>\n<p>Por su parte, el m\u00e9dico intensivista, profesor e investigador de la Universidad Nacional de La Plata (UNLP), Arnaldo Dubin, advirti\u00f3 hoy que &quot;la situaci\u00f3n en las terapias intensivas no ha cambiado sustancialmente&quot; en las \u00faltimas semanas y se manifest\u00f3 a favor de un esquema de per\u00edodos de restricciones &quot;intermitentes&quot;.<\/p>\n<p>&quot;Esta situaci\u00f3n va a seguir una o dos semanas m\u00e1s, cuando empiecen a verse los efectos de las medidas restrictivas&quot;, sostuvo el especialista en declaraciones formuladas a radio Provincia de Buenos Aires. El domingo, la Sociedad Argentina de Terapia Intensiva (SATI) public\u00f3 su reporte semanal realizado a partir de una encuesta voluntaria a instituciones p\u00fablicas y privadas de todo el pa\u00eds que, aclaran, &quot;es s\u00f3lo una muestra, por lo que no es prudente extraer conclusiones por encima de las estad\u00edsticas oficiales&quot;.<\/p>\n<p>De la encuesta de la \u00faltima semana, que se realiz\u00f3 el 4 de junio, participaron 202 UTIs, lo que representa 3.754 camas. La SATI inform\u00f3 que en estas instituciones hay una ocupaci\u00f3n del 91%, siendo Covid-19 positivos el 73% y que en comparaci\u00f3n a informes anteriores se observ\u00f3 &quot;un gran aumento&quot; de pacientes con coronavirus en detrimento de las internaciones por otras causas.<\/p>\n<p>De los pacientes con coronavirus internados, el 75% requiri\u00f3 Asistencia Respiratoria Mec\u00e1nica (ARM) y 7% c\u00e1nulas de alto flujo (CAFO); en tanto que s\u00f3lo el 13% de las instituciones indic\u00f3 que ten\u00eda capacidad de expansi\u00f3n de camas. Un dato que destacaron desde la SATI es que el 24% de los centros de salud consultados manifest\u00f3 tener pacientes ventilados fuera de las unidades de terapia intensiva.<\/p>\n<p>\u00a0<\/p>\n<p>El panorama en las provincias<\/p>\n<p>\u00a0<\/p>\n<p>Al 4 de junio, el 58% de las provincias del pa\u00eds informaron que la ocupaci\u00f3n que ten\u00edan era mayor al 90%; sin embargo, en todas las jurisdicciones la SATI observ\u00f3 que la ocupaci\u00f3n presentaba una &quot;meseta&quot; o incluso &quot;un leve descenso&quot; a excepci\u00f3n de &quot;C\u00f3rdoba, La Rioja, Santa Cruz y Tierra del Fuego donde se observa un ascenso&quot;.<\/p>\n<p>Otro dato que la SATI est\u00e1 comenzando a analizar es el v\u00ednculo entre los casos graves y el embarazo o puerperio. En este informe de la sociedad cient\u00edfica, participaron 62 UTIs del AMBA, que implican 1.416 camas, donde se registr\u00f3 una ocupaci\u00f3n del 94%.<\/p>\n<p>De los pacientes en cuidados intensivos, el 80% son personas con Covid-19; de los cuales el 80% requieren ventilaci\u00f3n mec\u00e1nica. El 48% de las instituciones indic\u00f3 no tener camas disponibles y &quot;un 15% menos que la semana pasada&quot;, destac\u00f3 la SATI.<\/p>\n<p>En relaci\u00f3n al d\u00e9ficit de insumos, el informe relev\u00f3 una faltante de &quot;sedaci\u00f3n, analgesia y relajaci\u00f3n que se mantiene persistentemente alto en los \u00faltimos tres meses&quot;, y s\u00f3lo el 39% de las instituciones indicaron no tener d\u00e9ficit de ning\u00fan insumo. Otro dato que la SATI est\u00e1 comenzando a analizar es el v\u00ednculo entre los casos graves y el embarazo o puerperio.<\/p>\n<p>En este contexto, relevaron que al 4 de junio se encontraban internadas en UTI 45 pacientes obst\u00e9tricas (embarazadas y pu\u00e9rperas), con una edad promedio de 33 a\u00f1os. De este universo el 30% cursaban un embarazo menor a 30 semanas y al 53% de las pacientes se le indic\u00f3 la suspensi\u00f3n del embarazo, cinco de ellas ten\u00edan una gestaci\u00f3n menor a 30 semanas.<\/p>\n<p>El 53% de las pacientes obst\u00e9tricas presentaban comorbilidades: obesidad 49%, asma 7%, hipertensi\u00f3n arterial 4%; y el 62% requiri\u00f3 ventilaci\u00f3n mec\u00e1nica. En referencia a la mortalidad, desde marzo hasta la fecha las instituciones reportaron 302 embarazadas COVID-19 positivos en UTI, de las cuales 33 (11%) fallecieron.<\/p>\n<p>Fuente: T\u00e9lam<\/p><\/div>\n","protected":false},"excerpt":{"rendered":"<p>En la primera quincena de mayo la cantidad de personas con COVID-19 internadas en Unidades de Terapia Intensiva a nivel pa\u00eds comenz\u00f3 un crecimiento en forma sostenida; ya en ese momento hab\u00eda alcanzado valores similares a los peores registros de la pandemia en 2020. La ocupaci\u00f3n de terapia intensiva de pacientes con coronavirus volvi\u00f3 a [&hellip;]<\/p>\n","protected":false},"author":1,"featured_media":10476,"comment_status":"closed","ping_status":"closed","sticky":false,"template":"","format":"standard","meta":{"footnotes":""},"categories":[8],"tags":[],"class_list":{"0":"post-10475","1":"post","2":"type-post","3":"status-publish","4":"format-standard","5":"has-post-thumbnail","7":"category-nacionales"},"_links":{"self":[{"href":"https:\/\/chacosintesis.com.ar\/index.php\/wp-json\/wp\/v2\/posts\/10475","targetHints":{"allow":["GET"]}}],"collection":[{"href":"https:\/\/chacosintesis.com.ar\/index.php\/wp-json\/wp\/v2\/posts"}],"about":[{"href":"https:\/\/chacosintesis.com.ar\/index.php\/wp-json\/wp\/v2\/types\/post"}],"author":[{"embeddable":true,"href":"https:\/\/chacosintesis.com.ar\/index.php\/wp-json\/wp\/v2\/users\/1"}],"replies":[{"embeddable":true,"href":"https:\/\/chacosintesis.com.ar\/index.php\/wp-json\/wp\/v2\/comments?post=10475"}],"version-history":[{"count":0,"href":"https:\/\/chacosintesis.com.ar\/index.php\/wp-json\/wp\/v2\/posts\/10475\/revisions"}],"wp:featuredmedia":[{"embeddable":true,"href":"https:\/\/chacosintesis.com.ar\/index.php\/wp-json\/wp\/v2\/media\/10476"}],"wp:attachment":[{"href":"https:\/\/chacosintesis.com.ar\/index.php\/wp-json\/wp\/v2\/media?parent=10475"}],"wp:term":[{"taxonomy":"category","embeddable":true,"href":"https:\/\/chacosintesis.com.ar\/index.php\/wp-json\/wp\/v2\/categories?post=10475"},{"taxonomy":"post_tag","embeddable":true,"href":"https:\/\/chacosintesis.com.ar\/index.php\/wp-json\/wp\/v2\/tags?post=10475"}],"curies":[{"name":"wp","href":"https:\/\/api.w.org\/{rel}","templated":true}]}}